{"id":103003,"date":"2026-02-07T14:37:08","date_gmt":"2026-02-07T14:37:08","guid":{"rendered":"https:\/\/www.europesays.com\/ee\/103003\/"},"modified":"2026-02-07T14:37:08","modified_gmt":"2026-02-07T14:37:08","slug":"epsteinile-pakuti-voimalust-investeerida-transferwisei-kuid-tehinguni-ei-joutud","status":"publish","type":"post","link":"https:\/\/www.europesays.com\/ee\/103003\/","title":{"rendered":"Epsteinile pakuti v\u00f5imalust investeerida TransferWise\u2019i, kuid tehinguni ei j\u00f5utud"},"content":{"rendered":"<p>\u201eJeff, ma arvan, et sul oleks kasulik kohtuda Andrew (McCormack, Valari kaasasutaja \u2013 toim) ja Jamesiga (Fitzgerald, Valari kaasasutaja \u2013 toim), kahe mehega, kes otsivad minu jaoks maailmast suurep\u00e4raseid varajase etapi riskikapitaliinvesteeringuid. Oleme viimase nelja aasta jooksul saavutanud kaks suurep\u00e4rast tulemust (Xero Uus-Meremaal ja TransferWise \u00dchendkuningriigis) ning oleme koostamas teist fondi Valar Venturesile (selle platvormi nimi),\u201c kirjutas Thiel Epsteinile 2014. aasta novembris.<\/p>\n<p>\u201eOleks m\u00f5istlik, kui sa siia investeeriksid 10\u201320 miljonit dollarit \u2013 ja mul oleks hea meel sinuga l\u00e4hemalt r\u00e4\u00e4kida, kui me j\u00e4rgmine kord kohtume,\u201c lisas Thiel kirjas.<\/p>\n<p>Oled juba tellija?Logi sisse<\/p>\n<p><a href=\"https:\/\/arileht.delfi.ee\/artikkel\/120434267\/epsteinile-pakuti-voimalust-investeerida-transferwise-i-kuid-tehinguni-ei-joutud\/kommentaarid\" class=\"article-body-bottom__comment article-body-bottom__comment--write button button--primary button--size-auto\" rel=\"nofollow noopener\" target=\"_blank\"> Kommenteeri <\/a><a href=\"https:\/\/arileht.delfi.ee\/artikkel\/120434267\/epsteinile-pakuti-voimalust-investeerida-transferwise-i-kuid-tehinguni-ei-joutud\/kommentaarid\" class=\"article-body-bottom__comment article-body-bottom__comment--read button button--size-auto\" rel=\"nofollow noopener\" target=\"_blank\"> Loe kommentaare (2)<\/a><\/p>\n","protected":false},"excerpt":{"rendered":"\u201eJeff, ma arvan, et sul oleks kasulik kohtuda Andrew (McCormack, Valari kaasasutaja \u2013 toim) ja Jamesiga (Fitzgerald, Valari&hellip;\n","protected":false},"author":2,"featured_media":103004,"comment_status":"","ping_status":"","sticky":false,"template":"","format":"standard","meta":{"footnotes":"","_share_on_mastodon":"0"},"categories":[80],"tags":[26,27,37,33,35,34,36,31,32,21,8614,28,29,95,19,26044,25,23,24,22,20,30,92,93,94],"class_list":["post-103003","post","type-post","status-publish","format-standard","has-post-thumbnail","category-maailm","tag-breaking-news","tag-breakingnews","tag-ee","tag-eesti","tag-eesti-keel","tag-estonia","tag-estonian","tag-featured-news","tag-featurednews","tag-headlines","tag-jeffrey-epstein","tag-latest-news","tag-latestnews","tag-maailm","tag-news","tag-peter-thiel","tag-populaarseimad-lood","tag-top-stories","tag-topstories","tag-uldised-uudised","tag-uudised","tag-viimased-uudised","tag-world","tag-world-news","tag-worldnews"],"share_on_mastodon":{"url":"https:\/\/pubeurope.com\/@ee\/116029859022001186","error":""},"_links":{"self":[{"href":"https:\/\/www.europesays.com\/ee\/wp-json\/wp\/v2\/posts\/103003","targetHints":{"allow":["GET"]}}],"collection":[{"href":"https:\/\/www.europesays.com\/ee\/wp-json\/wp\/v2\/posts"}],"about":[{"href":"https:\/\/www.europesays.com\/ee\/wp-json\/wp\/v2\/types\/post"}],"author":[{"embeddable":true,"href":"https:\/\/www.europesays.com\/ee\/wp-json\/wp\/v2\/users\/2"}],"replies":[{"embeddable":true,"href":"https:\/\/www.europesays.com\/ee\/wp-json\/wp\/v2\/comments?post=103003"}],"version-history":[{"count":0,"href":"https:\/\/www.europesays.com\/ee\/wp-json\/wp\/v2\/posts\/103003\/revisions"}],"wp:featuredmedia":[{"embeddable":true,"href":"https:\/\/www.europesays.com\/ee\/wp-json\/wp\/v2\/media\/103004"}],"wp:attachment":[{"href":"https:\/\/www.europesays.com\/ee\/wp-json\/wp\/v2\/media?parent=103003"}],"wp:term":[{"taxonomy":"category","embeddable":true,"href":"https:\/\/www.europesays.com\/ee\/wp-json\/wp\/v2\/categories?post=103003"},{"taxonomy":"post_tag","embeddable":true,"href":"https:\/\/www.europesays.com\/ee\/wp-json\/wp\/v2\/tags?post=103003"}],"curies":[{"name":"wp","href":"https:\/\/api.w.org\/{rel}","templated":true}]}}