{"id":103096,"date":"2026-02-07T18:29:06","date_gmt":"2026-02-07T18:29:06","guid":{"rendered":"https:\/\/www.europesays.com\/ee\/103096\/"},"modified":"2026-02-07T18:29:06","modified_gmt":"2026-02-07T18:29:06","slug":"timo-tatar-%e2%9f%a9-elektriautode-debatt-vajab-vahem-hirme-ja-rohkem-tegelikkust","status":"publish","type":"post","link":"https:\/\/www.europesays.com\/ee\/103096\/","title":{"rendered":"TIMO TATAR \u27e9 Elektriautode debatt vajab v\u00e4hem hirme ja rohkem tegelikkust"},"content":{"rendered":"<p>Postimehes ilmunud Eesti Kaubandus-T\u00f6\u00f6stuskoja seisukoht Euroopa Komisjoni plaani kohta kehtestada suurettev\u00f5tete s\u00f5idukiparkidele null- ja madala heitega s\u00f5idukite sihttasemed avab vajaliku debati. On loomulik, et ettev\u00f5tjad tunnevad muret kulude, investeeringute tasuvuse ja paindlikkuse p\u00e4rast. K\u00fcsimus ei ole kindlasti mustvalge ning ka see, kas kohustuslikud sihttasemed on parim tee, vajab p\u00f5hjalikku arutelu. Kuid igas debatis v\u00f5iks olla \u00fcks eeldus &#8211; see peab p\u00f5hinema tegelikkusel, mitte aegunud ettekujutusel.<\/p>\n","protected":false},"excerpt":{"rendered":"Postimehes ilmunud Eesti Kaubandus-T\u00f6\u00f6stuskoja seisukoht Euroopa Komisjoni plaani kohta kehtestada suurettev\u00f5tete s\u00f5idukiparkidele null- ja madala heitega s\u00f5idukite sihttasemed&hellip;\n","protected":false},"author":2,"featured_media":103097,"comment_status":"","ping_status":"","sticky":false,"template":"","format":"standard","meta":{"footnotes":"","_share_on_mastodon":"0"},"categories":[12],"tags":[26,27,37,33,49430,35,11969,34,36,2337,31,32,21,7165,15226,49431,28,29,19,25,134,23,24,22,20,30],"class_list":["post-103096","post","type-post","status-publish","format-standard","has-post-thumbnail","category-eesti","tag-breaking-news","tag-breakingnews","tag-ee","tag-eesti","tag-eesti-kaubandus-toostuskoja","tag-eesti-keel","tag-elektriautod","tag-estonia","tag-estonian","tag-euroopa-komisjon","tag-featured-news","tag-featurednews","tag-headlines","tag-investeeringud","tag-kulud","tag-laadimistaristu","tag-latest-news","tag-latestnews","tag-news","tag-populaarseimad-lood","tag-rohepoore","tag-top-stories","tag-topstories","tag-uldised-uudised","tag-uudised","tag-viimased-uudised"],"share_on_mastodon":{"url":"https:\/\/pubeurope.com\/@ee\/116030771166961025","error":""},"_links":{"self":[{"href":"https:\/\/www.europesays.com\/ee\/wp-json\/wp\/v2\/posts\/103096","targetHints":{"allow":["GET"]}}],"collection":[{"href":"https:\/\/www.europesays.com\/ee\/wp-json\/wp\/v2\/posts"}],"about":[{"href":"https:\/\/www.europesays.com\/ee\/wp-json\/wp\/v2\/types\/post"}],"author":[{"embeddable":true,"href":"https:\/\/www.europesays.com\/ee\/wp-json\/wp\/v2\/users\/2"}],"replies":[{"embeddable":true,"href":"https:\/\/www.europesays.com\/ee\/wp-json\/wp\/v2\/comments?post=103096"}],"version-history":[{"count":0,"href":"https:\/\/www.europesays.com\/ee\/wp-json\/wp\/v2\/posts\/103096\/revisions"}],"wp:featuredmedia":[{"embeddable":true,"href":"https:\/\/www.europesays.com\/ee\/wp-json\/wp\/v2\/media\/103097"}],"wp:attachment":[{"href":"https:\/\/www.europesays.com\/ee\/wp-json\/wp\/v2\/media?parent=103096"}],"wp:term":[{"taxonomy":"category","embeddable":true,"href":"https:\/\/www.europesays.com\/ee\/wp-json\/wp\/v2\/categories?post=103096"},{"taxonomy":"post_tag","embeddable":true,"href":"https:\/\/www.europesays.com\/ee\/wp-json\/wp\/v2\/tags?post=103096"}],"curies":[{"name":"wp","href":"https:\/\/api.w.org\/{rel}","templated":true}]}}