{"id":103134,"date":"2026-02-07T19:43:08","date_gmt":"2026-02-07T19:43:08","guid":{"rendered":"https:\/\/www.europesays.com\/ee\/103134\/"},"modified":"2026-02-07T19:43:08","modified_gmt":"2026-02-07T19:43:08","slug":"manchester-united-voitis-carricku-kae-all-neljanda-jarjestikuse-mangu","status":"publish","type":"post","link":"https:\/\/www.europesays.com\/ee\/103134\/","title":{"rendered":"Manchester United v\u00f5itis Carricku k\u00e4e all neljanda j\u00e4rjestikuse m\u00e4ngu"},"content":{"rendered":"<p>Tottenham j\u00e4i juba avapoolaja keskel v\u00e4hemusse, kui punase kaardi sai nende kapten Cristian Romero. Argentina keskkaitsja tegi j\u00f5hkra vea Casemiro vastu.<\/p>\n<p>Unitedi viis 38. minutil juhtima nurgal\u00f6\u00f6gi j\u00e4rel v\u00e4rava l\u00f6\u00f6nud Bryan Mbeumo. L\u00f5ppseisu vormistas k\u00fcmme minutit enne l\u00f5ppu Bruno Fernandes, kes saatis palli v\u00f5rku p\u00e4rast Diogo Dalot tsenderdust.<\/p>\n<p>Manchester United j\u00e4tkab Inglismaal neljandal kohal ning neid lahutab n\u00fc\u00fcd kolmandal real asuvast Manchester City`st kolm punkti. Tabeli kaks esimest on Arsenal ja Aston Villa.<\/p>\n<p>Kuidas see lugu Sind end tundma pani? Saada <a href=\"https:\/\/sport.delfi.ee\/artikkel\/120434674\/manchester-united-voitis-carricku-kae-all-neljanda-jarjestikuse-mangu\/kommentaarid\" class=\"article-body-bottom__comment article-body-bottom__comment--write button button--primary button--size-auto\" rel=\"nofollow noopener\" target=\"_blank\"> Kommenteeri <\/a><a href=\"https:\/\/sport.delfi.ee\/artikkel\/120434674\/manchester-united-voitis-carricku-kae-all-neljanda-jarjestikuse-mangu\/kommentaarid\" class=\"article-body-bottom__comment article-body-bottom__comment--read button button--size-auto\" rel=\"nofollow noopener\" target=\"_blank\"> Loe kommentaare (2)<\/a><\/p>\n","protected":false},"excerpt":{"rendered":"Tottenham j\u00e4i juba avapoolaja keskel v\u00e4hemusse, kui punase kaardi sai nende kapten Cristian Romero. Argentina keskkaitsja tegi j\u00f5hkra&hellip;\n","protected":false},"author":2,"featured_media":103135,"comment_status":"","ping_status":"","sticky":false,"template":"","format":"standard","meta":{"footnotes":"","_share_on_mastodon":"0"},"categories":[18],"tags":[37,33,35,34,36,1105,41666,159,158],"class_list":["post-103134","post","type-post","status-publish","format-standard","has-post-thumbnail","category-sport","tag-ee","tag-eesti","tag-eesti-keel","tag-estonia","tag-estonian","tag-manchester-united","tag-michael-carrick","tag-sport","tag-sports"],"share_on_mastodon":{"url":"https:\/\/pubeurope.com\/@ee\/116031062328732328","error":""},"_links":{"self":[{"href":"https:\/\/www.europesays.com\/ee\/wp-json\/wp\/v2\/posts\/103134","targetHints":{"allow":["GET"]}}],"collection":[{"href":"https:\/\/www.europesays.com\/ee\/wp-json\/wp\/v2\/posts"}],"about":[{"href":"https:\/\/www.europesays.com\/ee\/wp-json\/wp\/v2\/types\/post"}],"author":[{"embeddable":true,"href":"https:\/\/www.europesays.com\/ee\/wp-json\/wp\/v2\/users\/2"}],"replies":[{"embeddable":true,"href":"https:\/\/www.europesays.com\/ee\/wp-json\/wp\/v2\/comments?post=103134"}],"version-history":[{"count":0,"href":"https:\/\/www.europesays.com\/ee\/wp-json\/wp\/v2\/posts\/103134\/revisions"}],"wp:featuredmedia":[{"embeddable":true,"href":"https:\/\/www.europesays.com\/ee\/wp-json\/wp\/v2\/media\/103135"}],"wp:attachment":[{"href":"https:\/\/www.europesays.com\/ee\/wp-json\/wp\/v2\/media?parent=103134"}],"wp:term":[{"taxonomy":"category","embeddable":true,"href":"https:\/\/www.europesays.com\/ee\/wp-json\/wp\/v2\/categories?post=103134"},{"taxonomy":"post_tag","embeddable":true,"href":"https:\/\/www.europesays.com\/ee\/wp-json\/wp\/v2\/tags?post=103134"}],"curies":[{"name":"wp","href":"https:\/\/api.w.org\/{rel}","templated":true}]}}