{"id":103214,"date":"2026-02-08T01:13:09","date_gmt":"2026-02-08T01:13:09","guid":{"rendered":"https:\/\/www.europesays.com\/ee\/103214\/"},"modified":"2026-02-08T01:13:09","modified_gmt":"2026-02-08T01:13:09","slug":"voitlus-jatkub-st-pauli-lopetas-pika-poua-seljatades-euroopa-liiga-meeskonna-hein-ikka-pingil-soccernet-ee","status":"publish","type":"post","link":"https:\/\/www.europesays.com\/ee\/103214\/","title":{"rendered":"V\u00f5itlus j\u00e4tkub! St. Pauli l\u00f5petas pika p\u00f5ua, seljatades Euroopa liiga meeskonna (Hein ikka pingil) &#8211; Soccernet.ee"},"content":{"rendered":"<p><img decoding=\"async\" src=\"https:\/\/www.europesays.com\/ee\/wp-content\/uploads\/2026\/02\/1770480183.jpg\" alt=\"Karol Mets. Foto: Scanpix \/ picture alliance \/ Eibner Pressefoto\"\/>&#13;\n<\/p>\n<p>Karol Mets ja St. Pauli t\u00f5stsid Saksamaa k\u00f5rgliiga p\u00fcsimaj\u00e4\u00e4misheitluses oma aktsiaid, seljatades kodus 2:1 tabeli neljanda meeskonna Stuttgarti.<\/p>\n<p>Eelmisel hooajal Meistrite liiga p\u00f5hiturniiril m\u00e4nginud ja sel hooajal Euroopa liiga p\u00f5hiturniirilt edasi p\u00e4\u00e4senud Stuttgart oli enne t\u00e4nast k\u00f5vas hoos ka Bundesligas, kus tunnistati kaotusekibedust viimati 6. detsembril M\u00fcncheni Bayerni vastu.&#13;\n<\/p>\n<p>Peaaegu sama pikaks oli veninud St. Pauli v\u00f5idup\u00f5ud, sest nende viimane t\u00e4istabamus p\u00e4rines 13. detsembri kodum\u00e4ngult Heidenheimi vastu. N\u00fc\u00fcd leidsid m\u00f5lemad seeriad aga oma l\u00f5pu, kusjuures St. Pauli v\u00f5it oli ka m\u00e4nguliselt igati teenitud &#8211; xG ehk eeldatav v\u00e4ravate hulk r\u00e4\u00e4kis l\u00f5puks nende kasuks 1,77\u00a0vs.\u00a0 0,88.&#13;\n<\/p>\n<p>St. Pauli murdis v\u00e4ravaluku 35. minutil kavala kombinatsiooniga, kui audisissevise vasakult \u00e4\u00e4relt meelitas vastased \u00fchte tsooni, misj\u00e4rel leiti \u00fcles vastas\u00e4\u00e4relt keskele liikunud Manolis Saliakas, kes p\u00e4\u00e4ses 14 meetrilt t\u00e4iesti vabalt l\u00f6\u00f6gile.<\/p>\n<p>Teise tabamuse s\u00fcnnis m\u00e4ngis teise poolaja alguses v\u00f5tmerolli\u00a0 Stuttgarti r\u00fcndaja Chris F\u00fchrichi lohakus, sest ta kasutas St. Pauli karistusl\u00f6\u00f6gi j\u00e4rel palli kontrollimisel k\u00e4e abi ning tulemuseks oli penalti, mille Danel Sinani kindlalt realiseeris.&#13;\n<\/p>\n<p>Stuttgart leidis vastuse alles 90. minutil, mil\u00a0Jamie Leweling l\u00f5petas k\u00fclaliste survepuhangu ootamatu ja t\u00e4pse l\u00f6\u00f6giga l\u00e4hema posti k\u00f5rvale. V\u00f5idupunktid j\u00e4id aga St. Paulile ning vahe olnuks l\u00f5puks suuremgi, kui Saliakase teise tabamuse eel ei oleks pall napilt otsajoont \u00fcletanud. Mets tegi tavap\u00e4raselt kaasa kogu kohtumise.&#13;\n<\/p>\n<p>St. Pauli j\u00e4tkab siiski v\u00e4ljalangemistsoonis, j\u00e4\u00e4des turvalisest tsoonist kahe punkti kaugusele. Nende ees olevad Wolfsburg ja Bremeni Werder kaotasid samuti, kuid Pauli linnarivaal HSV alistas Heidenheimi ning Mainz v\u00f5ttis oma kolmanda j\u00e4rjestikuse v\u00f5idu, kaugenedes ohualast.&#13;\n<\/p>\n<p>Karl Jakob Hein vaatas pingilt, kuidas Werder m\u00e4ngis Freiburgi vastu alates 52. minutist arvulises enamuses, aga ei suutnud ikkagi 0:1 kaotusseisust v\u00e4lja tulla. Tegemist oli Werderi esimese m\u00e4nguga uue peatreeneri Daniel Thioune k\u00e4e all, meeskonna v\u00e4ravat kaitses ikka Mio Backhaus.&#13;\n<\/p>\n<p>Dortmundi 2:1 v\u00f5it Wolfsburgi \u00fcle v\u00e4hendas tabeli tipus vahe Bayerniga vaid kolmele punktile, kuid Bayernil on 21. vooru kohtumine veel pidamata &#8211; nad v\u00f5\u00f5rustavad homme superhoos Hoffenheimi, kes on v\u00f5itnud viis liigam\u00e4ngu j\u00e4rjest ja hoiab \u00fcllatuslikult\u00a0enda k\u00e4es kolmandat tabelirida.<\/p>\n","protected":false},"excerpt":{"rendered":"&#13; Karol Mets ja St. Pauli t\u00f5stsid Saksamaa k\u00f5rgliiga p\u00fcsimaj\u00e4\u00e4misheitluses oma aktsiaid, seljatades kodus 2:1 tabeli neljanda meeskonna&hellip;\n","protected":false},"author":2,"featured_media":103215,"comment_status":"","ping_status":"","sticky":false,"template":"","format":"standard","meta":{"footnotes":"","_share_on_mastodon":"0"},"categories":[18],"tags":[526,527,37,33,35,34,36,532,536,5040,5176,19575,51,159,158,1002,539],"class_list":["post-103214","post","type-post","status-publish","format-standard","has-post-thumbnail","category-sport","tag-bremeni-werder","tag-bundesliga","tag-ee","tag-eesti","tag-eesti-keel","tag-estonia","tag-estonian","tag-hein","tag-karl-jakob-hein","tag-karol-mets","tag-mets","tag-pauli","tag-saksamaa","tag-sport","tag-sports","tag-st-pauli","tag-werder"],"share_on_mastodon":{"url":"https:\/\/pubeurope.com\/@ee\/116032359829718872","error":""},"_links":{"self":[{"href":"https:\/\/www.europesays.com\/ee\/wp-json\/wp\/v2\/posts\/103214","targetHints":{"allow":["GET"]}}],"collection":[{"href":"https:\/\/www.europesays.com\/ee\/wp-json\/wp\/v2\/posts"}],"about":[{"href":"https:\/\/www.europesays.com\/ee\/wp-json\/wp\/v2\/types\/post"}],"author":[{"embeddable":true,"href":"https:\/\/www.europesays.com\/ee\/wp-json\/wp\/v2\/users\/2"}],"replies":[{"embeddable":true,"href":"https:\/\/www.europesays.com\/ee\/wp-json\/wp\/v2\/comments?post=103214"}],"version-history":[{"count":0,"href":"https:\/\/www.europesays.com\/ee\/wp-json\/wp\/v2\/posts\/103214\/revisions"}],"wp:featuredmedia":[{"embeddable":true,"href":"https:\/\/www.europesays.com\/ee\/wp-json\/wp\/v2\/media\/103215"}],"wp:attachment":[{"href":"https:\/\/www.europesays.com\/ee\/wp-json\/wp\/v2\/media?parent=103214"}],"wp:term":[{"taxonomy":"category","embeddable":true,"href":"https:\/\/www.europesays.com\/ee\/wp-json\/wp\/v2\/categories?post=103214"},{"taxonomy":"post_tag","embeddable":true,"href":"https:\/\/www.europesays.com\/ee\/wp-json\/wp\/v2\/tags?post=103214"}],"curies":[{"name":"wp","href":"https:\/\/api.w.org\/{rel}","templated":true}]}}