{"id":103371,"date":"2026-02-08T09:53:10","date_gmt":"2026-02-08T09:53:10","guid":{"rendered":"https:\/\/www.europesays.com\/ee\/103371\/"},"modified":"2026-02-08T09:53:10","modified_gmt":"2026-02-08T09:53:10","slug":"video-%e2%9f%a9-olumpia-avanadalavahetusel-tabas-itaalia-raudteed-arvatav-sabotaaz","status":"publish","type":"post","link":"https:\/\/www.europesays.com\/ee\/103371\/","title":{"rendered":"VIDEO \u27e9 Ol\u00fcmpia avan\u00e4dalavahetusel tabas Itaalia raudteed arvatav sabotaa\u017e"},"content":{"rendered":"<p class=\"MsoNormal\">Tuhandeid ol\u00fcmpiak\u00fclalisi v\u00f5\u00f5rustavas P\u00f5hja-Itaalias on arvatavad sabotaa\u017eir\u00fcnnakud sel n\u00e4dalavahetusel h\u00e4irinud oluliselt rongiliiklust.<\/p>\n<p class=\"MsoNormal\">Itaalia politsei teatas laup\u00e4eval kolmest raudteetaristus kahjustamise juhtumist Bologna \u00fcmbruses ning esialgu ei v\u00e4listata arvatavate r\u00fcnnakute seotust reedel alanud Milano-Cortina taliol\u00fcmpiam\u00e4ngudega, vahendas uudisteagentuur ANSA.<\/p>\n","protected":false},"excerpt":{"rendered":"Tuhandeid ol\u00fcmpiak\u00fclalisi v\u00f5\u00f5rustavas P\u00f5hja-Itaalias on arvatavad sabotaa\u017eir\u00fcnnakud sel n\u00e4dalavahetusel h\u00e4irinud oluliselt rongiliiklust. Itaalia politsei teatas laup\u00e4eval kolmest raudteetaristus&hellip;\n","protected":false},"author":2,"featured_media":103372,"comment_status":"","ping_status":"","sticky":false,"template":"","format":"standard","meta":{"footnotes":"","_share_on_mastodon":"0"},"categories":[18],"tags":[4230,37,33,35,34,36,9222,49562,36408,16561,3311,49561,49559,925,49560,159,158,9577,2740],"class_list":["post-103371","post","type-post","status-publish","format-standard","has-post-thumbnail","category-sport","tag-bologna","tag-ee","tag-eesti","tag-eesti-keel","tag-estonia","tag-estonian","tag-itaalia-politsei","tag-kiirrongid","tag-lohkeseadeldis","tag-matteo-salvini","tag-milano-cortina-taliolumpiamangud","tag-pesaro","tag-pohja-itaalia","tag-rongiliiklus","tag-sabotaazirunnakud","tag-sport","tag-sports","tag-suutamine","tag-veneetsia"],"share_on_mastodon":{"url":"https:\/\/pubeurope.com\/@ee\/116034404656040476","error":""},"_links":{"self":[{"href":"https:\/\/www.europesays.com\/ee\/wp-json\/wp\/v2\/posts\/103371","targetHints":{"allow":["GET"]}}],"collection":[{"href":"https:\/\/www.europesays.com\/ee\/wp-json\/wp\/v2\/posts"}],"about":[{"href":"https:\/\/www.europesays.com\/ee\/wp-json\/wp\/v2\/types\/post"}],"author":[{"embeddable":true,"href":"https:\/\/www.europesays.com\/ee\/wp-json\/wp\/v2\/users\/2"}],"replies":[{"embeddable":true,"href":"https:\/\/www.europesays.com\/ee\/wp-json\/wp\/v2\/comments?post=103371"}],"version-history":[{"count":0,"href":"https:\/\/www.europesays.com\/ee\/wp-json\/wp\/v2\/posts\/103371\/revisions"}],"wp:featuredmedia":[{"embeddable":true,"href":"https:\/\/www.europesays.com\/ee\/wp-json\/wp\/v2\/media\/103372"}],"wp:attachment":[{"href":"https:\/\/www.europesays.com\/ee\/wp-json\/wp\/v2\/media?parent=103371"}],"wp:term":[{"taxonomy":"category","embeddable":true,"href":"https:\/\/www.europesays.com\/ee\/wp-json\/wp\/v2\/categories?post=103371"},{"taxonomy":"post_tag","embeddable":true,"href":"https:\/\/www.europesays.com\/ee\/wp-json\/wp\/v2\/tags?post=103371"}],"curies":[{"name":"wp","href":"https:\/\/api.w.org\/{rel}","templated":true}]}}