{"id":103404,"date":"2026-02-08T10:48:11","date_gmt":"2026-02-08T10:48:11","guid":{"rendered":"https:\/\/www.europesays.com\/ee\/103404\/"},"modified":"2026-02-08T10:48:11","modified_gmt":"2026-02-08T10:48:11","slug":"endine-arsenali-ja-liverpooli-poolkaitsja-liitus-celticuga-kelle-jargmised-mangud-toimuvad-tamme-ja-larseni-klubide-vastu-soccernet-ee","status":"publish","type":"post","link":"https:\/\/www.europesays.com\/ee\/103404\/","title":{"rendered":"Endine Arsenali ja Liverpooli poolkaitsja liitus Celticuga, kelle j\u00e4rgmised m\u00e4ngud toimuvad Tamme ja Larseni klubide vastu &#8211; Soccernet.ee"},"content":{"rendered":"<p><img decoding=\"async\" src=\"https:\/\/www.europesays.com\/ee\/wp-content\/uploads\/2026\/02\/1770546447.jpg\" alt=\"Alex Oxlade-Chamberlain liitus Celticuga. Foto: Scanpix \/ David Young \/ Action Plus Sports via ZUMA Press Wire\"\/>&#13;\n<\/p>\n<p>Viimased pool aastat vabaagendi staatuses olnud Inglismaa poolkaitsja Alex Oxlade-Chamberlain l\u00f5i k\u00e4ed 55-kordse \u0160otimaa meisterklubi Glasgow&#8217; Celticuga.<\/p>\n<p>Oxlade-Chamberlain alustas karj\u00e4\u00e4ri Southamptonis, kuid tegi endale nime peamiselt Arsenalis (2011-2017) ja Liverpoolis (2017-2023). Ta m\u00e4ngis p\u00e4rast Liverpoolist lahkumist kaks hooaega Besiktases, kuid lahkus T\u00fcrgist mullu suvel. 32-aastane Oxlade-Chamberlain treenis viimased kuud Arsenaliga, kuni leidis uue koduklubi Celticu n\u00e4ol.&#13;\n<\/p>\n<p>Ta s\u00f5lmis Celticuga pooleaastase lepingu, mida on v\u00f5imalik \u00fche hooaja v\u00f5rra pikendada. &#8220;See on t\u00e4pselt see, mida ma vajan &#8211; uut v\u00e4ljakutset ja \u00f5nne sellises suures klubis. Celtic saab mul aidata j\u00f5uda tagasi sinna, kuhu pean j\u00f5udma, aga veelgi olulisem on see, et pean aitama meeskonda eesm\u00e4rkide saavutamisel,&#8221; lausus Oxlade-Chamberlain Celtic TV-le.&#13;\n<\/p>\n<p>Oxlade-Chamberlain on ka endine Inglismaa koondislane. Ta on rahvusmeeskonna eest m\u00e4nginud 35 kohtumist ja l\u00f6\u00f6nud seitse v\u00e4ravat. Tema viimane m\u00e4ng koondise ridades p\u00e4rineb aga 2019. aasta novembrist.<\/p>\n<p>Celtic asub \u0160otimaa k\u00f5rgliigas kolmandal kohal, kaotades m\u00e4ngu rohkem pidanud Heartsile kuue ja suurele linnarivaalile Rangersile kolme punktiga. Oxlade-Chamberlain v\u00f5ib uue koduklubi eest deb\u00fcteerida 11. veebruaril, kui kodus minnakse vastamisi Eesti koondise r\u00fcndaja Alex Matthias Tamme laenuklubi Livingstoniga, kes paikneb 12 meeskonna konkurentsis viimasel kohal.&#13;\n<\/p>\n<p>\u0160otimaa k\u00f5rgliigas m\u00e4ngib ka Eesti koondise \u00e4\u00e4rekaitsja Michael Schj\u00f6nning-Larsen, kelle koduklubi Kilmarnock asub Livingstoni ees eelviimasel tabelireal. Celticu \u00fclej\u00e4rgmine m\u00e4ng toimub 15. veebruaril v\u00f5\u00f5rsil Kilmarnocki vastu.<\/p>\n","protected":false},"excerpt":{"rendered":"&#13; Viimased pool aastat vabaagendi staatuses olnud Inglismaa poolkaitsja Alex Oxlade-Chamberlain l\u00f5i k\u00e4ed 55-kordse \u0160otimaa meisterklubi Glasgow&#8217; Celticuga.&hellip;\n","protected":false},"author":2,"featured_media":103405,"comment_status":"","ping_status":"","sticky":false,"template":"","format":"standard","meta":{"footnotes":"","_share_on_mastodon":"0"},"categories":[18],"tags":[49575,15654,37,33,35,34,36,49576,4565,38070,159,158],"class_list":["post-103404","post","type-post","status-publish","format-standard","has-post-thumbnail","category-sport","tag-alex-oxlade-chamberlain","tag-celtic","tag-ee","tag-eesti","tag-eesti-keel","tag-estonia","tag-estonian","tag-oxlade-chamberlain","tag-sotimaa","tag-sotimaa-korgliiga","tag-sport","tag-sports"],"share_on_mastodon":{"url":"https:\/\/pubeurope.com\/@ee\/116034620794480788","error":""},"_links":{"self":[{"href":"https:\/\/www.europesays.com\/ee\/wp-json\/wp\/v2\/posts\/103404","targetHints":{"allow":["GET"]}}],"collection":[{"href":"https:\/\/www.europesays.com\/ee\/wp-json\/wp\/v2\/posts"}],"about":[{"href":"https:\/\/www.europesays.com\/ee\/wp-json\/wp\/v2\/types\/post"}],"author":[{"embeddable":true,"href":"https:\/\/www.europesays.com\/ee\/wp-json\/wp\/v2\/users\/2"}],"replies":[{"embeddable":true,"href":"https:\/\/www.europesays.com\/ee\/wp-json\/wp\/v2\/comments?post=103404"}],"version-history":[{"count":0,"href":"https:\/\/www.europesays.com\/ee\/wp-json\/wp\/v2\/posts\/103404\/revisions"}],"wp:featuredmedia":[{"embeddable":true,"href":"https:\/\/www.europesays.com\/ee\/wp-json\/wp\/v2\/media\/103405"}],"wp:attachment":[{"href":"https:\/\/www.europesays.com\/ee\/wp-json\/wp\/v2\/media?parent=103404"}],"wp:term":[{"taxonomy":"category","embeddable":true,"href":"https:\/\/www.europesays.com\/ee\/wp-json\/wp\/v2\/categories?post=103404"},{"taxonomy":"post_tag","embeddable":true,"href":"https:\/\/www.europesays.com\/ee\/wp-json\/wp\/v2\/tags?post=103404"}],"curies":[{"name":"wp","href":"https:\/\/api.w.org\/{rel}","templated":true}]}}