{"id":103449,"date":"2026-02-08T11:54:07","date_gmt":"2026-02-08T11:54:07","guid":{"rendered":"https:\/\/www.europesays.com\/ee\/103449\/"},"modified":"2026-02-08T11:54:07","modified_gmt":"2026-02-08T11:54:07","slug":"otsepilt-voolaid-kulastab-tammekaga-oma-eelmist-tooandjat-levadiat-koosseisud-avavile-kell-14-soccernet-ee","status":"publish","type":"post","link":"https:\/\/www.europesays.com\/ee\/103449\/","title":{"rendered":"OTSEPILT: Voolaid k\u00fclastab Tammekaga oma eelmist t\u00f6\u00f6andjat Levadiat (koosseisud; avavile kell 14!) &#8211; Soccernet.ee"},"content":{"rendered":"<p>&#13;\n<\/p>\n<p>Premium liiga hooajaks valmistuvad FCI Levadia ja Tartu Tammeka l\u00e4hevad t\u00e4na Taliturniiri raames vastamisi. Soccernet.ee n\u00e4itab kell 14 Lillek\u00fclas algavat kohtumist otse\u00fclekandes.<\/p>\n<p>Vastasseisule lisab v\u00fcrtsi fakt, et kahe hooaja vahel Tammeka peatreeneriks nimetatud Karel Voolaid kuulus eelmisel hooajal veel Levadia treeneritetiimi, kuid Levadia uus loots Vjat\u0161eslav Zahovaiko teda enda kollektiivi ei kaasanud.&#13;\n<\/p>\n<p>Taliturniiril on m\u00f5lema meeskonna tulemused olnud k\u00f5ikuvad. Levadia alustas 2:4 kaotusega N\u00f5mme Unitedile, millele j\u00e4rgnesid 3:2 v\u00f5it P\u00e4rnu Vapruse \u00fcle ja 0:0 viik Narva Transiga. Tammeka omakorda v\u00f5itis 2:1 Transi, kaotas seej\u00e4rel 0:3 Tallinna Kalevile ja purustas viimati 6:0 Unitedi.&#13;\n<\/p>\n<p>Uuenev protokoll:<\/p>\n<p>8. veebruaril kell 14.00 EJL-i jalgpallihallis&#13;\n<\/p>\n<p>Tallinna FCI Levadia &#8211; Tartu JK Tammeka<br type=\"_moz\"\/>&#13;<br \/>\n&#13;\n<\/p>\n<p>Hoiatused:\u00a0<br \/>&#13;<br \/>\nPeakohtunik: Richard Toom<br \/>&#13;<br \/>\nAbikohtunikud:\u00a0Artis Loho, Oliver Kiisk<br \/>&#13;<br \/>\nVAR: Reelika Turi<br \/>&#13;<br \/>\nAVAR: Joonas Jaanovits&#13;\n<\/p>\n<p>Levadia: Karl Andre Vallner, Joseph Saliste, Tanel Tammik, Victory Iboro, Frank Liivak, Rasmus Peetson, Mihkel Ainsalu, Mark Oliver Roosnupp, Moussa Felix Sambe, Enock Otoo, Bubacarr Tambedou.<br \/>&#13;<br \/>\nVahetusest: Oliver Ani, Abraham Nnamdi Nwankwo, Gregor Lehtmets, Wendell, Aleksander \u0160vedovski, Robert Kirss, Maksimilian Skvortsov, Joao Pedro.&#13;\n<\/p>\n<p>Tammeka: Richard Aland, Marius Vister, Giacomo Uggeri, Reio Laabus, David Epton, Tristan Koskor, Oliver Kangaslahti, Tanel Lang, Patrick Genro Veelma, Pavel Marin, Muhammed Hydara.<br \/>&#13;<br \/>\nVahetusest: German J\u00fcrgenthal, Mait Vaino, Romet Silov, Robin Mathias M\u00fc\u00fcr, Karl Kiidron, Kristofer Sahtel, Chilem Ignatius.<\/p>\n","protected":false},"excerpt":{"rendered":"&#13; Premium liiga hooajaks valmistuvad FCI Levadia ja Tartu Tammeka l\u00e4hevad t\u00e4na Taliturniiri raames vastamisi. Soccernet.ee n\u00e4itab kell&hellip;\n","protected":false},"author":2,"featured_media":103450,"comment_status":"","ping_status":"","sticky":false,"template":"","format":"standard","meta":{"footnotes":"","_share_on_mastodon":"0"},"categories":[18],"tags":[37,33,35,34,36,1572,30899,41036,1358,2470,4106,159,158,701,702,41037,30900],"class_list":["post-103449","post","type-post","status-publish","format-standard","has-post-thumbnail","category-sport","tag-ee","tag-eesti","tag-eesti-keel","tag-estonia","tag-estonian","tag-fci-levadia","tag-karel-voolaid","tag-kontrollmangud","tag-levadia","tag-otsepilt","tag-otseulekanne","tag-sport","tag-sports","tag-tammeka","tag-tartu-tammeka","tag-treeningmangud","tag-voolaid"],"share_on_mastodon":{"url":"https:\/\/pubeurope.com\/@ee\/116034880328863679","error":""},"_links":{"self":[{"href":"https:\/\/www.europesays.com\/ee\/wp-json\/wp\/v2\/posts\/103449","targetHints":{"allow":["GET"]}}],"collection":[{"href":"https:\/\/www.europesays.com\/ee\/wp-json\/wp\/v2\/posts"}],"about":[{"href":"https:\/\/www.europesays.com\/ee\/wp-json\/wp\/v2\/types\/post"}],"author":[{"embeddable":true,"href":"https:\/\/www.europesays.com\/ee\/wp-json\/wp\/v2\/users\/2"}],"replies":[{"embeddable":true,"href":"https:\/\/www.europesays.com\/ee\/wp-json\/wp\/v2\/comments?post=103449"}],"version-history":[{"count":0,"href":"https:\/\/www.europesays.com\/ee\/wp-json\/wp\/v2\/posts\/103449\/revisions"}],"wp:featuredmedia":[{"embeddable":true,"href":"https:\/\/www.europesays.com\/ee\/wp-json\/wp\/v2\/media\/103450"}],"wp:attachment":[{"href":"https:\/\/www.europesays.com\/ee\/wp-json\/wp\/v2\/media?parent=103449"}],"wp:term":[{"taxonomy":"category","embeddable":true,"href":"https:\/\/www.europesays.com\/ee\/wp-json\/wp\/v2\/categories?post=103449"},{"taxonomy":"post_tag","embeddable":true,"href":"https:\/\/www.europesays.com\/ee\/wp-json\/wp\/v2\/tags?post=103449"}],"curies":[{"name":"wp","href":"https:\/\/api.w.org\/{rel}","templated":true}]}}