{"id":103465,"date":"2026-02-08T12:16:07","date_gmt":"2026-02-08T12:16:07","guid":{"rendered":"https:\/\/www.europesays.com\/ee\/103465\/"},"modified":"2026-02-08T12:16:07","modified_gmt":"2026-02-08T12:16:07","slug":"milano-olumpia-algas-sabotaazi-ja-rahutustega-bologna-ja-venezia-vahelist-raudteed-runnati-kahel-korral","status":"publish","type":"post","link":"https:\/\/www.europesays.com\/ee\/103465\/","title":{"rendered":"Milano ol\u00fcmpia algas sabotaa\u017ei ja rahutustega. Bologna ja Venezia vahelist raudteed r\u00fcnnati kahel korral"},"content":{"rendered":"<p>Esmalt toimus tulekahju Pesora asula l\u00e4histel asuval raudteeliinil. M\u00f5ni tund hiljem said Bologna l\u00e4histel kahjustada ka raudteed teenindanud elektrikaablid, mille t\u00f5ttu l\u00fckkusid hommikused reisid edasi.<\/p>\n<p>Sooritaja pole teada ja keegi r\u00fcnnakut omaks v\u00f5tnud ei ole. Transpordiminister Mattero Salvini \u00fctles pressiteates, et r\u00fcnnak kahjustas tuhandete inimeste reisiplaane. Ta t\u00f5mbas paralleele meenutavad Prantsusmaal ol\u00fcmpiam\u00e4ngude avatseremoonia ajal toimunud sabotaa\u017eiaktidega.<\/p>\n<p><img decoding=\"async\" src=\"https:\/\/www.europesays.com\/ee\/wp-content\/uploads\/2026\/02\/8b9467e3-1407-45b3-b4c9-8fa6348df706.jpg\" loading=\"lazy\" alt=\"Sabotaa\u017ei t\u00f5ttu l\u00fckkusid edasi tuhandete inimeste reisid.\"\/><\/p>\n<p>Samuti toimusid laup\u00e4eval <a rel=\"noopener nofollow\" target=\"_blank\" href=\"https:\/\/www.delfi.ee\/teema\/70505183\/milano\" tag-id=\"70505183\">Milanos<\/a> korrarikkumiste saatel ol\u00fcmpiam\u00e4ngude vastased meeleavaldused, millel osalejad k\u00e4hmlesid politseiga ja loopisid pauguteid ja suitsupomme. Kuus inimest peeti kinni.<\/p>\n<p>Itaalia peaminister Giorgia Meloni \u00fctles sotsiaalmeedias, et nii sabot\u00f6\u00f6rid kui ka rahutuste korraldajad on Itaalia vaenlased, kelle eesm\u00e4rk on kahjustada riigi rahvusvahelist kuvandit.<\/p>\n<p>Kuidas see lugu Sind end tundma pani? Saada <a href=\"https:\/\/www.delfi.ee\/artikkel\/120434756\/milano-olumpia-algas-sabotaazi-ja-rahutustega-bologna-ja-venezia-vahelist-raudteed-runnati-kahel-korral\/kommentaarid\" class=\"article-body-bottom__comment article-body-bottom__comment--write button button--primary button--size-auto\" rel=\"nofollow noopener\" target=\"_blank\"> Kommenteeri <\/a><a href=\"https:\/\/www.delfi.ee\/artikkel\/120434756\/milano-olumpia-algas-sabotaazi-ja-rahutustega-bologna-ja-venezia-vahelist-raudteed-runnati-kahel-korral\/kommentaarid\" class=\"article-body-bottom__comment article-body-bottom__comment--read button button--size-auto\" rel=\"nofollow noopener\" target=\"_blank\"> Loe kommentaare (4)<\/a><\/p>\n","protected":false},"excerpt":{"rendered":"Esmalt toimus tulekahju Pesora asula l\u00e4histel asuval raudteeliinil. M\u00f5ni tund hiljem said Bologna l\u00e4histel kahjustada ka raudteed teenindanud&hellip;\n","protected":false},"author":2,"featured_media":103466,"comment_status":"","ping_status":"","sticky":false,"template":"","format":"standard","meta":{"footnotes":"","_share_on_mastodon":"0"},"categories":[18],"tags":[4230,37,33,35,34,36,109,3335,4319,159,158,2740],"class_list":["post-103465","post","type-post","status-publish","format-standard","has-post-thumbnail","category-sport","tag-bologna","tag-ee","tag-eesti","tag-eesti-keel","tag-estonia","tag-estonian","tag-itaalia","tag-milano","tag-milano-cortina-olumpia","tag-sport","tag-sports","tag-veneetsia"],"share_on_mastodon":{"url":"https:\/\/pubeurope.com\/@ee\/116034966815153847","error":""},"_links":{"self":[{"href":"https:\/\/www.europesays.com\/ee\/wp-json\/wp\/v2\/posts\/103465","targetHints":{"allow":["GET"]}}],"collection":[{"href":"https:\/\/www.europesays.com\/ee\/wp-json\/wp\/v2\/posts"}],"about":[{"href":"https:\/\/www.europesays.com\/ee\/wp-json\/wp\/v2\/types\/post"}],"author":[{"embeddable":true,"href":"https:\/\/www.europesays.com\/ee\/wp-json\/wp\/v2\/users\/2"}],"replies":[{"embeddable":true,"href":"https:\/\/www.europesays.com\/ee\/wp-json\/wp\/v2\/comments?post=103465"}],"version-history":[{"count":0,"href":"https:\/\/www.europesays.com\/ee\/wp-json\/wp\/v2\/posts\/103465\/revisions"}],"wp:featuredmedia":[{"embeddable":true,"href":"https:\/\/www.europesays.com\/ee\/wp-json\/wp\/v2\/media\/103466"}],"wp:attachment":[{"href":"https:\/\/www.europesays.com\/ee\/wp-json\/wp\/v2\/media?parent=103465"}],"wp:term":[{"taxonomy":"category","embeddable":true,"href":"https:\/\/www.europesays.com\/ee\/wp-json\/wp\/v2\/categories?post=103465"},{"taxonomy":"post_tag","embeddable":true,"href":"https:\/\/www.europesays.com\/ee\/wp-json\/wp\/v2\/tags?post=103465"}],"curies":[{"name":"wp","href":"https:\/\/api.w.org\/{rel}","templated":true}]}}