{"id":103560,"date":"2026-02-08T14:53:06","date_gmt":"2026-02-08T14:53:06","guid":{"rendered":"https:\/\/www.europesays.com\/ee\/103560\/"},"modified":"2026-02-08T14:53:06","modified_gmt":"2026-02-08T14:53:06","slug":"diabeediliit-hoiatab-jarjepideva-ravi-tasuliseks-muutumise-eest","status":"publish","type":"post","link":"https:\/\/www.europesays.com\/ee\/103560\/","title":{"rendered":"Diabeediliit hoiatab j\u00e4rjepideva ravi tasuliseks muutumise eest"},"content":{"rendered":"<p class=\"western\">\u201eDiabeet on eluaegne haigus, mille edukas juhtimine eeldab pidevat, j\u00e4rjepidevat ja isikustatud eriarstiabi. Arstid ja diabeedi\u00f5ed ei t\u00e4ida ainult ravijuhiseid, vaid tunnevad patsienti, tema haiguskulgu ja igap\u00e4evaseid v\u00e4ljakutseid. See pikaajaline ravisuhe on osa ravist,\u201c \u00fctles Tammer-J\u00e4\u00e4tes.<\/p>\n<p class=\"western\">Viimastel kuudel tekkinud olukord, kus mitmed endokrinoloogid ja diabeedi\u00f5ed on Tartu \u00dclikooli Kliinikumist lahkunud, ei ole tema hinnangul aga pelgalt personalik\u00fcsimus. Tegemist ei ole patsiendi valikust ega ravivajaduse muutumisest tuleneva arsti vahetusega, vaid tervishoius\u00fcsteemi tasandi probleemide tagaj\u00e4rjega, mis on seotud t\u00f6\u00f6korralduslike pingete, suure koormuse ja juhtimiskultuuriga. Mitmed kogenud spetsialistid on seej\u00e4rel j\u00e4tkanud t\u00f6\u00f6d v\u00e4ljaspool avalikku s\u00fcsteemi, mis t\u00e4hendab patsientidele sageli aastatepikkuse ravisuhte katkemist ning v\u00f5imalust sama arsti juures j\u00e4tkata vaid tasulises ravis. Paraku seab see diabeediga inimesed ebav\u00f5rdsesse olukorda ning tekitab ebakindlust ja turvatunde kadumist.<\/p>\n<p class=\"western\">\u201eArstivahetus on diabeediga patsiendi jaoks sageli v\u00e4ga koormav, isegi siis, kui ravi vastab juhistele. See t\u00e4hendab oma haigusloo uuesti selgitamist, uue suhtlusstiiliga kohanemist ja usaldussuhte taastamist, mis ei oleks pidanud tekkima s\u00fcsteemsete probleemide t\u00f5ttu,\u201c selgitas Tammer-J\u00e4\u00e4tes.<\/p>\n<p class=\"western\">Kuigi kliinikum suudab tagada e-konsultatsioonide, haiglakonsultatsioonide ja kontaktvisiitide j\u00e4tkusuutlikkuse, ei ole teenuse formaalne olemasolu siiski sama, mis eluaegset j\u00e4rjepidevat ja isikustatud ravi vajavate patsientide tegelikud vajadused.<\/p>\n<p class=\"western\">\u201eRavi j\u00e4rjepidevus peab olema garantii, mitte privileeg. Diabeet ei oota ja ka patsiendid ei saa j\u00e4\u00e4da ootere\u017eiimile lootuses, et s\u00fcsteem kohaneb iseenesest,\u201c m\u00e4rkis Tammer-J\u00e4\u00e4tes.<\/p>\n","protected":false},"excerpt":{"rendered":"\u201eDiabeet on eluaegne haigus, mille edukas juhtimine eeldab pidevat, j\u00e4rjepidevat ja isikustatud eriarstiabi. Arstid ja diabeedi\u00f5ed ei t\u00e4ida&hellip;\n","protected":false},"author":2,"featured_media":103561,"comment_status":"","ping_status":"","sticky":false,"template":"","format":"standard","meta":{"footnotes":"","_share_on_mastodon":"0"},"categories":[12],"tags":[26,27,1480,37,33,35,22688,34,36,31,32,21,49632,28,29,19,13521,25,49633,3827,21521,23,24,22,20,30],"class_list":["post-103560","post","type-post","status-publish","format-standard","has-post-thumbnail","category-eesti","tag-breaking-news","tag-breakingnews","tag-diabeet","tag-ee","tag-eesti","tag-eesti-keel","tag-eriarstiabi","tag-estonia","tag-estonian","tag-featured-news","tag-featurednews","tag-headlines","tag-kogenud-spetsialistid","tag-latest-news","tag-latestnews","tag-news","tag-patsient","tag-populaarseimad-lood","tag-tammer-jaates","tag-tartu-ulikooli-kliinikum","tag-tervishoiususteem","tag-top-stories","tag-topstories","tag-uldised-uudised","tag-uudised","tag-viimased-uudised"],"share_on_mastodon":{"url":"https:\/\/pubeurope.com\/@ee\/116035584175447001","error":""},"_links":{"self":[{"href":"https:\/\/www.europesays.com\/ee\/wp-json\/wp\/v2\/posts\/103560","targetHints":{"allow":["GET"]}}],"collection":[{"href":"https:\/\/www.europesays.com\/ee\/wp-json\/wp\/v2\/posts"}],"about":[{"href":"https:\/\/www.europesays.com\/ee\/wp-json\/wp\/v2\/types\/post"}],"author":[{"embeddable":true,"href":"https:\/\/www.europesays.com\/ee\/wp-json\/wp\/v2\/users\/2"}],"replies":[{"embeddable":true,"href":"https:\/\/www.europesays.com\/ee\/wp-json\/wp\/v2\/comments?post=103560"}],"version-history":[{"count":0,"href":"https:\/\/www.europesays.com\/ee\/wp-json\/wp\/v2\/posts\/103560\/revisions"}],"wp:featuredmedia":[{"embeddable":true,"href":"https:\/\/www.europesays.com\/ee\/wp-json\/wp\/v2\/media\/103561"}],"wp:attachment":[{"href":"https:\/\/www.europesays.com\/ee\/wp-json\/wp\/v2\/media?parent=103560"}],"wp:term":[{"taxonomy":"category","embeddable":true,"href":"https:\/\/www.europesays.com\/ee\/wp-json\/wp\/v2\/categories?post=103560"},{"taxonomy":"post_tag","embeddable":true,"href":"https:\/\/www.europesays.com\/ee\/wp-json\/wp\/v2\/tags?post=103560"}],"curies":[{"name":"wp","href":"https:\/\/api.w.org\/{rel}","templated":true}]}}