{"id":103617,"date":"2026-02-08T16:39:11","date_gmt":"2026-02-08T16:39:11","guid":{"rendered":"https:\/\/www.europesays.com\/ee\/103617\/"},"modified":"2026-02-08T16:39:11","modified_gmt":"2026-02-08T16:39:11","slug":"vabandust-mida-%e2%9f%a9-tuntud-telemees-leidis-ootamatult-oma-nime-epsteini-failidest-tott-oelda-olen-ma-solvunud","status":"publish","type":"post","link":"https:\/\/www.europesays.com\/ee\/103617\/","title":{"rendered":"VABANDUST, MIDA?! \u27e9 Tuntud telemees leidis ootamatult oma nime Epsteini failidest: t\u00f5tt-\u00f6elda olen ma solvunud"},"content":{"rendered":"<p>Populaarne telesaatejuht Jon Stewart reageeris ootamatule uudisele, et tema nime on samuti mainitud hiljuti avalikustatud Jeffrey Epsteini toimikutes. Samas on telemehe nime mainitud dokumentides vaid riivamisi ning otseseid sidemeid tal Epsteiniga tegelikult ei ole, mille \u00fcle mees ka nalja heidab.<\/p>\n<p>Reedel, 31. jaanuaril avalikustati miljonid dokumendid, mis seovad s\u00fc\u00fcdim\u00f5istetud pedofiili maailma tippfiguuridega, teiste seas prints Andrew\u2019, Bill Gatesi ja Donald Trumpiga.<\/p>\n","protected":false},"excerpt":{"rendered":"Populaarne telesaatejuht Jon Stewart reageeris ootamatule uudisele, et tema nime on samuti mainitud hiljuti avalikustatud Jeffrey Epsteini toimikutes.&hellip;\n","protected":false},"author":2,"featured_media":103618,"comment_status":"","ping_status":"","sticky":false,"template":"","format":"standard","meta":{"footnotes":"","_share_on_mastodon":"0"},"categories":[16],"tags":[49690,15927,324,49688,37,33,35,173,34,36,5621,8614,49689,140],"class_list":["post-103617","post","type-post","status-publish","format-standard","has-post-thumbnail","category-meelelahutus","tag-barry-josephson","tag-bill-gates","tag-donald-trump","tag-e-kirjad","tag-ee","tag-eesti","tag-eesti-keel","tag-entertainment","tag-estonia","tag-estonian","tag-fox-news","tag-jeffrey-epstein","tag-jon-stewart","tag-meelelahutus"],"share_on_mastodon":{"url":"https:\/\/pubeurope.com\/@ee\/116036001045161276","error":""},"_links":{"self":[{"href":"https:\/\/www.europesays.com\/ee\/wp-json\/wp\/v2\/posts\/103617","targetHints":{"allow":["GET"]}}],"collection":[{"href":"https:\/\/www.europesays.com\/ee\/wp-json\/wp\/v2\/posts"}],"about":[{"href":"https:\/\/www.europesays.com\/ee\/wp-json\/wp\/v2\/types\/post"}],"author":[{"embeddable":true,"href":"https:\/\/www.europesays.com\/ee\/wp-json\/wp\/v2\/users\/2"}],"replies":[{"embeddable":true,"href":"https:\/\/www.europesays.com\/ee\/wp-json\/wp\/v2\/comments?post=103617"}],"version-history":[{"count":0,"href":"https:\/\/www.europesays.com\/ee\/wp-json\/wp\/v2\/posts\/103617\/revisions"}],"wp:featuredmedia":[{"embeddable":true,"href":"https:\/\/www.europesays.com\/ee\/wp-json\/wp\/v2\/media\/103618"}],"wp:attachment":[{"href":"https:\/\/www.europesays.com\/ee\/wp-json\/wp\/v2\/media?parent=103617"}],"wp:term":[{"taxonomy":"category","embeddable":true,"href":"https:\/\/www.europesays.com\/ee\/wp-json\/wp\/v2\/categories?post=103617"},{"taxonomy":"post_tag","embeddable":true,"href":"https:\/\/www.europesays.com\/ee\/wp-json\/wp\/v2\/tags?post=103617"}],"curies":[{"name":"wp","href":"https:\/\/api.w.org\/{rel}","templated":true}]}}