{"id":103649,"date":"2026-02-08T17:49:32","date_gmt":"2026-02-08T17:49:32","guid":{"rendered":"https:\/\/www.europesays.com\/ee\/103649\/"},"modified":"2026-02-08T17:49:32","modified_gmt":"2026-02-08T17:49:32","slug":"mart-kase-kulmetavad-konfliktid-ja-turris-karakterid-edasi","status":"publish","type":"post","link":"https:\/\/www.europesays.com\/ee\/103649\/","title":{"rendered":"Mart Kase: k\u00fclmetavad konfliktid ja turris karakterid \u2013 Edasi"},"content":{"rendered":"<p>\t\t\t<img loading=\"lazy\" width=\"1024\" height=\"768\" src=\"data:image\/svg+xml,%3Csvg%20xmlns=\" http:=\"\" class=\"attachment-hive-single-image size-hive-single-image wp-post-image\" alt=\"\" decoding=\"async\" data-lazy- data-lazy- data-attachment-id=\"269589\" data-permalink=\"https:\/\/edasi.org\/269582\/mart-kase-kulmetavad-konfliktid-ja-turris-karakterid\/talveturr\/\" data-orig-file=\"https:\/\/edasi.org\/wp-content\/uploads\/2026\/02\/talveturr-scaled.webp\" data-orig-size=\"2048,1536\" data-comments-opened=\"0\" data-image-meta=\"{&quot;aperture&quot;:&quot;1.8&quot;,&quot;credit&quot;:&quot;&quot;,&quot;camera&quot;:&quot;iPhone 11&quot;,&quot;caption&quot;:&quot;&quot;,&quot;created_timestamp&quot;:&quot;1770292236&quot;,&quot;copyright&quot;:&quot;&quot;,&quot;focal_length&quot;:&quot;4.25&quot;,&quot;iso&quot;:&quot;32&quot;,&quot;shutter_speed&quot;:&quot;0.0004930966469428&quot;,&quot;title&quot;:&quot;&quot;,&quot;orientation&quot;:&quot;1&quot;}\" data-image-title=\"talveturr\" data-image-description=\"\" data-image-caption=\"&lt;p&gt;Foto: Teele Kase&lt;\/p&gt;&#10;\" data-medium-file=\"https:\/\/edasi.org\/wp-content\/uploads\/2026\/02\/talveturr-683x512.webp\" data-large-file=\"https:\/\/www.europesays.com\/ee\/wp-content\/uploads\/2026\/02\/talveturr-1024x768.webp.webp\" data-lazy-src=\"https:\/\/www.europesays.com\/ee\/wp-content\/uploads\/2026\/02\/talveturr-1024x768.webp.webp\"\/>\t\t\tFoto: Teele Kase\t\t<\/p>\n<p class=\"intro\" dir=\"ltr\">Eesti \u00fchiskonna p\u00f5hiteema on hetkel jaanuarikuu suured, lausa kolossaalsed, elektriarved.<\/p>\n<p dir=\"ltr\">Jaanuar oli tavap\u00e4ratult k\u00fclm, just seet\u00f5ttu on need numbrid n\u00f5nda suured. Sellist tugevat j\u00e4rjepidevat miinust pole Eestis ammu olnud. See on sel aastal talv oma k\u00f5ige paremas t\u00e4henduses ja suuruses. M\u00f5nel on seet\u00f5ttu karv kogu aeg turris.<\/p>\n<p>\t<a href=\"https:\/\/edasi.org\/erapakett-digitellimus\/\" aria-label=\"i&gt;&#010;\" rel=\"nofollow noopener\" target=\"_blank\"><img loading=\"lazy\" decoding=\"async\" src=\"data:image\/svg+xml,%3Csvg%20xmlns=\" http:=\"\" alt=\"\" data-lazy- data-lazy- class=\"no-lazyload\" width=\"1200\" height=\"628\" data-lazy-src=\"https:\/\/www.europesays.com\/ee\/wp-content\/uploads\/2026\/02\/Edasi-1200-x-628-px-1.webp.webp\"\/><\/a><\/p>\n","protected":false},"excerpt":{"rendered":"Foto: Teele Kase Eesti \u00fchiskonna p\u00f5hiteema on hetkel jaanuarikuu suured, lausa kolossaalsed, elektriarved. Jaanuar oli tavap\u00e4ratult k\u00fclm, just&hellip;\n","protected":false},"author":2,"featured_media":103650,"comment_status":"","ping_status":"","sticky":false,"template":"","format":"standard","meta":{"footnotes":"","_share_on_mastodon":"0"},"categories":[12],"tags":[26,27,37,33,35,34,36,425,31,32,21,8317,28,29,11833,12605,19,25,308,23,24,715,22,20,4213,30],"class_list":["post-103649","post","type-post","status-publish","format-standard","has-post-thumbnail","category-eesti","tag-breaking-news","tag-breakingnews","tag-ee","tag-eesti","tag-eesti-keel","tag-estonia","tag-estonian","tag-ettevotlikkus","tag-featured-news","tag-featurednews","tag-headlines","tag-inspireerima","tag-latest-news","tag-latestnews","tag-loovus","tag-mart-kase","tag-news","tag-populaarseimad-lood","tag-tervis","tag-top-stories","tag-topstories","tag-uhiskond","tag-uldised-uudised","tag-uudised","tag-vaimne-tervis","tag-viimased-uudised"],"share_on_mastodon":{"url":"https:\/\/pubeurope.com\/@ee\/116036276251017930","error":""},"_links":{"self":[{"href":"https:\/\/www.europesays.com\/ee\/wp-json\/wp\/v2\/posts\/103649","targetHints":{"allow":["GET"]}}],"collection":[{"href":"https:\/\/www.europesays.com\/ee\/wp-json\/wp\/v2\/posts"}],"about":[{"href":"https:\/\/www.europesays.com\/ee\/wp-json\/wp\/v2\/types\/post"}],"author":[{"embeddable":true,"href":"https:\/\/www.europesays.com\/ee\/wp-json\/wp\/v2\/users\/2"}],"replies":[{"embeddable":true,"href":"https:\/\/www.europesays.com\/ee\/wp-json\/wp\/v2\/comments?post=103649"}],"version-history":[{"count":0,"href":"https:\/\/www.europesays.com\/ee\/wp-json\/wp\/v2\/posts\/103649\/revisions"}],"wp:featuredmedia":[{"embeddable":true,"href":"https:\/\/www.europesays.com\/ee\/wp-json\/wp\/v2\/media\/103650"}],"wp:attachment":[{"href":"https:\/\/www.europesays.com\/ee\/wp-json\/wp\/v2\/media?parent=103649"}],"wp:term":[{"taxonomy":"category","embeddable":true,"href":"https:\/\/www.europesays.com\/ee\/wp-json\/wp\/v2\/categories?post=103649"},{"taxonomy":"post_tag","embeddable":true,"href":"https:\/\/www.europesays.com\/ee\/wp-json\/wp\/v2\/tags?post=103649"}],"curies":[{"name":"wp","href":"https:\/\/api.w.org\/{rel}","templated":true}]}}