{"id":103761,"date":"2026-02-08T23:31:11","date_gmt":"2026-02-08T23:31:11","guid":{"rendered":"https:\/\/www.europesays.com\/ee\/103761\/"},"modified":"2026-02-08T23:31:11","modified_gmt":"2026-02-08T23:31:11","slug":"lahipaevade-ilm-jatkub-talvisel-kulmalainel-ilmajaam","status":"publish","type":"post","link":"https:\/\/www.europesays.com\/ee\/103761\/","title":{"rendered":"L\u00e4hip\u00e4evade ilm j\u00e4tkub talvisel k\u00fclmalainel &#8211; Ilmajaam"},"content":{"rendered":"<ol>\n<li><a href=\"https:\/\/news.google.com\/rss\/articles\/CBMiiAFBVV95cUxPc2dzZVlGRUpIWml6eGVDTC13ZEZfMng0czZkRVZadmhFVFR6NUxqc05YVnRPbDJCS0V1akF2XzI0ZnVTZDVsdjhtdzBPTVRmcXhVcHVud2VPOEhzeUlPWFE3UFVfM3VURHhfbmxkMnduZGxvZ0x0M3N1anBROEJSTW9XRVgzX3ZL?oc=5\" target=\"_blank\" rel=\"nofollow noopener\">L\u00e4hip\u00e4evade ilm j\u00e4tkub talvisel k\u00fclmalainel<\/a>&nbsp;&nbsp;Ilmajaam<\/li>\n<li><a href=\"https:\/\/news.google.com\/rss\/articles\/CBMiswFBVV95cUxPVUlEeWxBUVM2eEctM0pUR3M4NWJJUE01cWRkWGxUcFk0QXNTeE1UZnFrMjJ6a3lQMVZVUDJQdFNqNE9QSTl4NWlJeEtIZ1hlc1lubjdMUXlJeF95ZUhLMVNVZ0tISHNCeXFqMGtkUnNndWU5RHFoTGJIVTZBN0F1OVV6OHVzMU9kbTdyQ3VuWHVydVoyWS14aXRvSUV3Sm4wb3pFa29vZjdURU9QcUVnbkl6bw?oc=5\" target=\"_blank\" rel=\"nofollow noopener\">ILMATEADE | Kr\u00f5be pakane p\u00fcsib: \u00f6\u00f6k\u00fclmad alla \u201320 kraadi ei taandu<\/a>&nbsp;&nbsp;Maaleht<\/li>\n<li><a href=\"https:\/\/news.google.com\/rss\/articles\/CBMickFVX3lxTE1aMml0WlhLTXZjX1lDWXJsTlI1ODdLdTJIQjJ4WE1JaGdsaTNLUWpuQ29TT0tmdjNmVmVsei01Sko2QXo2aHdPVHpIdENpendDWWhteWFnOEFNRnl2T2YxX2drVkg0QzRUSDVyaXVsX19QQQ?oc=5\" target=\"_blank\" rel=\"nofollow noopener\">Talvine ilm j\u00e4tkub ka uuel n\u00e4dalal<\/a>&nbsp;&nbsp;ERR<\/li>\n<li><a href=\"https:\/\/news.google.com\/rss\/articles\/CBMiwwFBVV95cUxQcjlicEFsSDN5R2s1SXdLbkFuYWU5ZFZzVjlFN1VUSWwyR3F0MHdEcmZJb1plY1dxQTBlT05qdHRJLVRGcHdTZDU3M2xhb0xfbDZMNS1kYzV1LTFIYnZWR1pGaVBiLTZDS2Y1dG9nOGh5Rk5SMkdUNWNyWHdRVXB1emhtdzBwNHJUc1E0OHdZSkUxRkhmVUtqSG5GRm1NWXdBellEMDJYcGVJbTN6X2FXdFRrVndLaEFtNDFRTWJGbmxzaXM?oc=5\" target=\"_blank\" rel=\"nofollow noopener\">K\u00dcLMAREKORDID PURUNEVAD? Kairo Kiitsak: \u00f5hutemperatuur v\u00f5ib langeda \u201330 kraadini ja madalamalegi<\/a>&nbsp;&nbsp;\u00d5htuleht<\/li>\n<li><a href=\"https:\/\/news.google.com\/rss\/articles\/CBMibkFVX3lxTE1GYkNhVGl1VFNFSHB3ZWxyR1pCWE1BUzJnb1BqUU1lUVU1Sm5uZVBIZkhpTUViSGktUWVBM3NnNUg4SkxnbG14ZXpYUUx6bkdubHB1dXlTUXFXdlB1TG5seU82a2JtRmVEanRHQ2hn?oc=5\" target=\"_blank\" rel=\"nofollow noopener\">L\u00e4\u00e4nemaale anti k\u00fclmahoiatus<\/a>&nbsp;&nbsp;L\u00e4\u00e4ne Elu<\/li>\n<\/ol>\n","protected":false},"excerpt":{"rendered":"L\u00e4hip\u00e4evade ilm j\u00e4tkub talvisel k\u00fclmalainel&nbsp;&nbsp;Ilmajaam ILMATEADE | Kr\u00f5be pakane p\u00fcsib: \u00f6\u00f6k\u00fclmad alla \u201320 kraadi ei taandu&nbsp;&nbsp;Maaleht Talvine ilm&hellip;\n","protected":false},"author":2,"featured_media":102930,"comment_status":"","ping_status":"","sticky":false,"template":"","format":"standard","meta":{"footnotes":"","_share_on_mastodon":"0"},"categories":[5],"tags":[26,27,37,33,35,34,36,31,32,21,8293,28,29,19,25,23,24,22,20,30],"class_list":["post-103761","post","type-post","status-publish","format-standard","has-post-thumbnail","category-uldised-uudised","tag-breaking-news","tag-breakingnews","tag-ee","tag-eesti","tag-eesti-keel","tag-estonia","tag-estonian","tag-featured-news","tag-featurednews","tag-headlines","tag-ilmajaam","tag-latest-news","tag-latestnews","tag-news","tag-populaarseimad-lood","tag-top-stories","tag-topstories","tag-uldised-uudised","tag-uudised","tag-viimased-uudised"],"share_on_mastodon":{"url":"https:\/\/pubeurope.com\/@ee\/116037621032211223","error":""},"_links":{"self":[{"href":"https:\/\/www.europesays.com\/ee\/wp-json\/wp\/v2\/posts\/103761","targetHints":{"allow":["GET"]}}],"collection":[{"href":"https:\/\/www.europesays.com\/ee\/wp-json\/wp\/v2\/posts"}],"about":[{"href":"https:\/\/www.europesays.com\/ee\/wp-json\/wp\/v2\/types\/post"}],"author":[{"embeddable":true,"href":"https:\/\/www.europesays.com\/ee\/wp-json\/wp\/v2\/users\/2"}],"replies":[{"embeddable":true,"href":"https:\/\/www.europesays.com\/ee\/wp-json\/wp\/v2\/comments?post=103761"}],"version-history":[{"count":0,"href":"https:\/\/www.europesays.com\/ee\/wp-json\/wp\/v2\/posts\/103761\/revisions"}],"wp:featuredmedia":[{"embeddable":true,"href":"https:\/\/www.europesays.com\/ee\/wp-json\/wp\/v2\/media\/102930"}],"wp:attachment":[{"href":"https:\/\/www.europesays.com\/ee\/wp-json\/wp\/v2\/media?parent=103761"}],"wp:term":[{"taxonomy":"category","embeddable":true,"href":"https:\/\/www.europesays.com\/ee\/wp-json\/wp\/v2\/categories?post=103761"},{"taxonomy":"post_tag","embeddable":true,"href":"https:\/\/www.europesays.com\/ee\/wp-json\/wp\/v2\/tags?post=103761"}],"curies":[{"name":"wp","href":"https:\/\/api.w.org\/{rel}","templated":true}]}}