{"id":103788,"date":"2026-02-09T03:32:06","date_gmt":"2026-02-09T03:32:06","guid":{"rendered":"https:\/\/www.europesays.com\/ee\/103788\/"},"modified":"2026-02-09T03:32:06","modified_gmt":"2026-02-09T03:32:06","slug":"paneelid-voivad-lopuks-alla-kukkuda-magede-paneelmajad-tuleb-kiiremas-korras-renoveerida","status":"publish","type":"post","link":"https:\/\/www.europesays.com\/ee\/103788\/","title":{"rendered":"\u201ePaneelid v\u00f5ivad l\u00f5puks alla kukkuda.\u201c \u201eM\u00e4gede\u201c paneelmajad tuleb kiiremas korras renoveerida"},"content":{"rendered":"<p>Statistikaameti andmetel elab ligikaudu kaks kolmandikku Eesti elanikest kortermajades ning suur osa neist ehitati 1960., 1970. ja 1980. aastatel. See t\u00e4hendab, et n\u00fc\u00fcdseks on need olnud kasutusel 35\u201365 aastat.<\/p>\n<p>Sotsiaalmeediaplatvormil Reddit arutatakse, <a rel=\"noopener nofollow\" target=\"_blank\" href=\"https:\/\/www.reddit.com\/r\/Eesti\/comments\/1c4tban\/tallinna_paneelikad_on_eluea_l%C3%B5pus\/\" data-rel-date-range=\"[]\">kas \u201epaneelikad\u201c on oma eluea l\u00f5pus<\/a>. \u201eMul on soov Tallinnasse korterit osta. N\u00f5ukaaegsed paneelikad tunduvad kaks korda odavamad kui uuemad arendused. Vanad puit- ning kivimajad tunduvad paneelikatest veidi kallimad. Sellega seoses tahaks k\u00fcsida n\u00f5u, mida tasub osta ja mida mitte,\u201c t\u00f5statab \u00fcks kasutaja teema. <\/p>\n<p>Oled juba tellija?Logi sisse<\/p>\n<p><a href=\"https:\/\/arileht.delfi.ee\/artikkel\/120431447\/paneelid-voivad-lopuks-alla-kukkuda-magede-paneelmajad-tuleb-kiiremas-korras-renoveerida\/kommentaarid\" class=\"article-body-bottom__comment article-body-bottom__comment--write button button--primary button--size-auto\" rel=\"nofollow noopener\" target=\"_blank\"> Kommenteeri <\/a><a href=\"https:\/\/arileht.delfi.ee\/artikkel\/120431447\/paneelid-voivad-lopuks-alla-kukkuda-magede-paneelmajad-tuleb-kiiremas-korras-renoveerida\/kommentaarid\" class=\"article-body-bottom__comment article-body-bottom__comment--read button button--size-auto\" rel=\"nofollow noopener\" target=\"_blank\"> Loe kommentaare <\/a><\/p>\n","protected":false},"excerpt":{"rendered":"Statistikaameti andmetel elab ligikaudu kaks kolmandikku Eesti elanikest kortermajades ning suur osa neist ehitati 1960., 1970. ja 1980.&hellip;\n","protected":false},"author":2,"featured_media":103789,"comment_status":"","ping_status":"","sticky":false,"template":"","format":"standard","meta":{"footnotes":"","_share_on_mastodon":"0"},"categories":[12],"tags":[26,27,37,33,35,5764,34,36,31,32,21,6196,2264,28,29,2807,19,25,23,24,22,20,30],"class_list":["post-103788","post","type-post","status-publish","format-standard","has-post-thumbnail","category-eesti","tag-breaking-news","tag-breakingnews","tag-ee","tag-eesti","tag-eesti-keel","tag-eis","tag-estonia","tag-estonian","tag-featured-news","tag-featurednews","tag-headlines","tag-kortermajad","tag-lasnamae","tag-latest-news","tag-latestnews","tag-mustamae","tag-news","tag-populaarseimad-lood","tag-top-stories","tag-topstories","tag-uldised-uudised","tag-uudised","tag-viimased-uudised"],"share_on_mastodon":{"url":"https:\/\/pubeurope.com\/@ee\/116038568661426061","error":""},"_links":{"self":[{"href":"https:\/\/www.europesays.com\/ee\/wp-json\/wp\/v2\/posts\/103788","targetHints":{"allow":["GET"]}}],"collection":[{"href":"https:\/\/www.europesays.com\/ee\/wp-json\/wp\/v2\/posts"}],"about":[{"href":"https:\/\/www.europesays.com\/ee\/wp-json\/wp\/v2\/types\/post"}],"author":[{"embeddable":true,"href":"https:\/\/www.europesays.com\/ee\/wp-json\/wp\/v2\/users\/2"}],"replies":[{"embeddable":true,"href":"https:\/\/www.europesays.com\/ee\/wp-json\/wp\/v2\/comments?post=103788"}],"version-history":[{"count":0,"href":"https:\/\/www.europesays.com\/ee\/wp-json\/wp\/v2\/posts\/103788\/revisions"}],"wp:featuredmedia":[{"embeddable":true,"href":"https:\/\/www.europesays.com\/ee\/wp-json\/wp\/v2\/media\/103789"}],"wp:attachment":[{"href":"https:\/\/www.europesays.com\/ee\/wp-json\/wp\/v2\/media?parent=103788"}],"wp:term":[{"taxonomy":"category","embeddable":true,"href":"https:\/\/www.europesays.com\/ee\/wp-json\/wp\/v2\/categories?post=103788"},{"taxonomy":"post_tag","embeddable":true,"href":"https:\/\/www.europesays.com\/ee\/wp-json\/wp\/v2\/tags?post=103788"}],"curies":[{"name":"wp","href":"https:\/\/api.w.org\/{rel}","templated":true}]}}