{"id":104009,"date":"2026-02-09T10:30:06","date_gmt":"2026-02-09T10:30:06","guid":{"rendered":"https:\/\/www.europesays.com\/ee\/104009\/"},"modified":"2026-02-09T10:30:06","modified_gmt":"2026-02-09T10:30:06","slug":"lavrov-kurtis-et-trumpi-administratsioon-ei-ole-uhtegi-bideni-karistusmeedet-venemaa-vastu-tuhistanud","status":"publish","type":"post","link":"https:\/\/www.europesays.com\/ee\/104009\/","title":{"rendered":"Lavrov kurtis, et Trumpi administratsioon ei ole \u00fchtegi Bideni karistusmeedet Venemaa vastu t\u00fchistanud"},"content":{"rendered":"<p>\u201eMeile \u00f6eldakse, et tuleb lahendada <a rel=\"noopener nofollow\" target=\"_blank\" href=\"https:\/\/www.delfi.ee\/teema\/25048531\/ukraina\" tag-id=\"25048531\">Ukraina<\/a> probleem. <a rel=\"noopener nofollow\" target=\"_blank\" href=\"https:\/\/www.delfi.ee\/teema\/96872134\/anchorage\" tag-id=\"96872134\">Anchorage<\/a>\u2019is v\u00f5tsime me vastu \u00dchendriikide ettepaneku. Kui l\u00e4heneda \u201emehemoodi\u201c, siis nemad pakkusid ja meie n\u00f5ustusime, t\u00e4hendab, probleem tuleb lahendada. \/&#8230;\/ Meile oli USA seisukoht t\u00e4htis. Nende ettepanekut vastu v\u00f5ttes me nagu t\u00e4itsime \u00fclesande Ukraina k\u00fcsimus lahendada ja minna \u00fcle t\u00e4ieulatuslikule, laialdasele, vastastikku kasulikule koost\u00f6\u00f6le,\u201c lausus Lavrov intervjuus TV BRICS-ile, vahendab Interfax.<\/p>\n<p>\u201eSeni paistab praktikas k\u00f5ik v\u00e4lja vastupidi: kehtestatakse uusi sanktsioone, korraldatakse \u201es\u00f5da\u201c tankerite vastu avamerel, rikkudes <a rel=\"noopener nofollow\" target=\"_blank\" href=\"https:\/\/www.delfi.ee\/teema\/24862689\/uro\" tag-id=\"24862689\">\u00dcRO<\/a> mere\u00f5iguse konventsiooni,\u201c kurtis Lavrov.<\/p>\n<p>Lavrovi s\u00f5nul p\u00fc\u00fctakse <a rel=\"noopener nofollow\" target=\"_blank\" href=\"https:\/\/www.delfi.ee\/teema\/24440035\/india\" tag-id=\"24440035\">Indial<\/a> ja teistel Venemaa partneritel \u201ekeelata odavate, k\u00e4ttesaadavate Vene energiakandjate ostmine \u2013 <a rel=\"noopener nofollow\" target=\"_blank\" href=\"https:\/\/www.delfi.ee\/teema\/25138591\/euroopa\" tag-id=\"25138591\">Euroopal<\/a> keelati juba ammu \u2013 ja sunnitakse hingehinna eest ostma <a rel=\"noopener nofollow\" target=\"_blank\" href=\"https:\/\/www.delfi.ee\/teema\/24645751\/ameerika\" tag-id=\"24645751\">Ameerika<\/a> vedeldatud maagaasi\u201c.<\/p>\n<p>\u201eT\u00e4hendab, majanduse valdkonnas on ameeriklased v\u00e4lja kuulutanud majandusliku domineerimise \u00fclesande,\u201c \u00fctles Lavrov.<\/p>\n<p>\u201eM\u00e4rgin, et USA presidendi Trumpi administratsiooni k\u00f5igi avalduste juures selle kohta, et tuleb likvideerida Bideni valla p\u00e4\u00e4stetud <a rel=\"noopener nofollow\" target=\"_blank\" href=\"https:\/\/www.delfi.ee\/teema\/95998249\/soda-ukrainas-1\" tag-id=\"95998249\">s\u00f5da Ukrainas<\/a>, kokku leppida, koristada see p\u00e4evakorrast ja siis avanevat selged, eredad perspektiivid Vene-Ameerika \u00fchisele investeerimis- ja muule koost\u00f6\u00f6le, mingeid seadusi, mis Biden p\u00e4rast s\u00f5jalise erioperatsiooni algust Venemaa karistamiseks vastu v\u00f5ttis, nad ei vaidlusta,\u201c \u00fctles Lavrov.<\/p>\n<p>Lavrov juhtis t\u00e4helepanu, et 2025. aasta aprillis pikendati 2021. aastal Bideni allkirjastatud t\u00e4idesaatvat korraldust, mille tuum on Venemaa karistamine ja tema vastu sanktsioonide kehtestamine, sealhulgas Venemaa kulla- ja valuutareservide k\u00fclmutamine.<\/p>\n<p>Lavrovi s\u00f5nul \u201eon see k\u00f5ik puhas \u201ebaidenov\u0161t\u0161ina\u201c, mida Trump ja tema meeskond eitavad\u201c.<\/p>\n<p>Lavrov kurtis, et sellest hoolimata kehtivad Venemaa-vastased seadused ja sanktsioonid edasi. \u201eNad kehtestasid sanktsioonid <a rel=\"noopener nofollow\" target=\"_blank\" href=\"https:\/\/www.delfi.ee\/teema\/56817684\/lukoil\" tag-id=\"56817684\">Lukoili<\/a>, <a rel=\"noopener nofollow\" target=\"_blank\" href=\"https:\/\/www.delfi.ee\/teema\/65140024\/rosneft-0\" tag-id=\"65140024\">Rosnefti<\/a> vastu. Kusjuures tegid nad seda s\u00fcgisel, paar n\u00e4dalat p\u00e4rast Venemaa presidendi <a rel=\"noopener nofollow\" target=\"_blank\" href=\"https:\/\/www.delfi.ee\/teema\/23342331\/vladimir-putin\" tag-id=\"23342331\">Vladimir Putini<\/a> ja USA presidendi Trumpi head kohtumist Anchorage\u2019is,\u201c \u00fctles Lavrov.<\/p>\n<p>\u201eLisaks sellele, et nad nagu tegid Ukraina kohta ettepaneku ja meie olime valmis &#8211; n\u00fc\u00fcd ei ole nemad valmis &#8211; ei n\u00e4e me ka majandussf\u00e4\u00e4ris mingit roosilist tulevikku. Ameeriklased tahavad haarata enda alla k\u00f5ik juhtivate riikide varustusteed, k\u00f5ik kontinendid energiakandjatega. Euroopa kontinendil peavad nad silmas kolm aastat tagasi \u00f5hku lastud Nord Streami, Ukraina gaasitranspordis\u00fcsteemi ja Turk Streami,\u201c r\u00e4\u00e4kis Lavrov.<\/p>\n<p>Lavrov \u00fctles, et \u201ej\u00e4\u00e4des nagu India, <a rel=\"noopener nofollow\" target=\"_blank\" href=\"https:\/\/www.delfi.ee\/teema\/1165\/hiina\" tag-id=\"1165\">Hiina<\/a>, <a rel=\"noopener nofollow\" target=\"_blank\" href=\"https:\/\/www.delfi.ee\/teema\/29270005\/indoneesia\" tag-id=\"29270005\">Indoneesia<\/a> ja <a rel=\"noopener nofollow\" target=\"_blank\" href=\"https:\/\/www.delfi.ee\/teema\/24424805\/brasiilia\" tag-id=\"24424805\">Brasiilia<\/a> avatuks koost\u00f6\u00f6le k\u00f5igi riikidega, sealhulgas sellise suure riigiga nagu \u00dchendriigid, oleme me olukorras, kus sellel teel loovad ameeriklased ise kunstlikke takistusi\u201c.<\/p>\n<p>Kuidas see lugu Sind end tundma pani? Saada <a href=\"https:\/\/www.delfi.ee\/artikkel\/120434884\/lavrov-kurtis-et-trumpi-administratsioon-ei-ole-uhtegi-bideni-karistusmeedet-venemaa-vastu-tuhistanud\/kommentaarid\" class=\"article-body-bottom__comment article-body-bottom__comment--write button button--primary button--size-auto\" rel=\"nofollow noopener\" target=\"_blank\"> Kommenteeri <\/a><a href=\"https:\/\/www.delfi.ee\/artikkel\/120434884\/lavrov-kurtis-et-trumpi-administratsioon-ei-ole-uhtegi-bideni-karistusmeedet-venemaa-vastu-tuhistanud\/kommentaarid\" class=\"article-body-bottom__comment article-body-bottom__comment--read button button--size-auto\" rel=\"nofollow noopener\" target=\"_blank\"> Loe kommentaare (21)<\/a><\/p>\n","protected":false},"excerpt":{"rendered":"\u201eMeile \u00f6eldakse, et tuleb lahendada Ukraina probleem. Anchorage\u2019is v\u00f5tsime me vastu \u00dchendriikide ettepaneku. Kui l\u00e4heneda \u201emehemoodi\u201c, siis nemad&hellip;\n","protected":false},"author":2,"featured_media":104010,"comment_status":"","ping_status":"","sticky":false,"template":"","format":"standard","meta":{"footnotes":"","_share_on_mastodon":"0"},"categories":[80],"tags":[461,1179,540,26,27,324,37,33,35,34,36,112,31,32,21,326,1207,2028,1176,28,29,9691,95,19,25,9711,3795,107,23,24,262,22,795,325,20,96,30,661,92,93,94],"class_list":["post-104009","post","type-post","status-publish","format-standard","has-post-thumbnail","category-maailm","tag-ameerika","tag-anchorage","tag-brasiilia","tag-breaking-news","tag-breakingnews","tag-donald-trump","tag-ee","tag-eesti","tag-eesti-keel","tag-estonia","tag-estonian","tag-euroopa","tag-featured-news","tag-featurednews","tag-headlines","tag-hiina","tag-india","tag-indoneesia","tag-joe-biden","tag-latest-news","tag-latestnews","tag-lukoil","tag-maailm","tag-news","tag-populaarseimad-lood","tag-rosneft","tag-sergei-lavrov","tag-soda-ukrainas","tag-top-stories","tag-topstories","tag-ukraina","tag-uldised-uudised","tag-uro","tag-usa","tag-uudised","tag-venemaa","tag-viimased-uudised","tag-vladimir-putin","tag-world","tag-world-news","tag-worldnews"],"share_on_mastodon":{"url":"","error":"Validation failed: Text character limit of 500 exceeded"},"_links":{"self":[{"href":"https:\/\/www.europesays.com\/ee\/wp-json\/wp\/v2\/posts\/104009","targetHints":{"allow":["GET"]}}],"collection":[{"href":"https:\/\/www.europesays.com\/ee\/wp-json\/wp\/v2\/posts"}],"about":[{"href":"https:\/\/www.europesays.com\/ee\/wp-json\/wp\/v2\/types\/post"}],"author":[{"embeddable":true,"href":"https:\/\/www.europesays.com\/ee\/wp-json\/wp\/v2\/users\/2"}],"replies":[{"embeddable":true,"href":"https:\/\/www.europesays.com\/ee\/wp-json\/wp\/v2\/comments?post=104009"}],"version-history":[{"count":0,"href":"https:\/\/www.europesays.com\/ee\/wp-json\/wp\/v2\/posts\/104009\/revisions"}],"wp:featuredmedia":[{"embeddable":true,"href":"https:\/\/www.europesays.com\/ee\/wp-json\/wp\/v2\/media\/104010"}],"wp:attachment":[{"href":"https:\/\/www.europesays.com\/ee\/wp-json\/wp\/v2\/media?parent=104009"}],"wp:term":[{"taxonomy":"category","embeddable":true,"href":"https:\/\/www.europesays.com\/ee\/wp-json\/wp\/v2\/categories?post=104009"},{"taxonomy":"post_tag","embeddable":true,"href":"https:\/\/www.europesays.com\/ee\/wp-json\/wp\/v2\/tags?post=104009"}],"curies":[{"name":"wp","href":"https:\/\/api.w.org\/{rel}","templated":true}]}}