{"id":104212,"date":"2026-02-09T14:34:07","date_gmt":"2026-02-09T14:34:07","guid":{"rendered":"https:\/\/www.europesays.com\/ee\/104212\/"},"modified":"2026-02-09T14:34:07","modified_gmt":"2026-02-09T14:34:07","slug":"nagu-oudusunenagu-%e2%9f%a9-briti-lasteaiaopetajat-suudistatakse-kahe-mudilase-vagistamises","status":"publish","type":"post","link":"https:\/\/www.europesays.com\/ee\/104212\/","title":{"rendered":"NAGU \u00d5UDUSUNEN\u00c4GU \u27e9 Briti lasteaia\u00f5petajat s\u00fc\u00fcdistatakse kahe mudilase v\u00e4gistamises"},"content":{"rendered":"<p>Bristolis Partou Kingi t\u00e4naval asuvas lasteaias t\u00f6\u00f6tanud Bennett v\u00f5itis v\u00e4ikeste laste poolehoiu oma pealtn\u00e4ha armastava olekuga, mis hiljem kulmineerus nende v\u00e4gistamisega. Ta m\u00f5isteti s\u00fc\u00fcdi kaheksas kuriteoepisoodis, nende seas ka kahe- ja kolmeaastase lapse v\u00e4gistamises. Samuti tunnistas ta end s\u00fc\u00fcdi veel 13 v\u00e4hem t\u00f5sisemas kuriteoepisoodis, mis oli seotud nelja poisiga, vahendas The Guardian.<\/p>\n","protected":false},"excerpt":{"rendered":"Bristolis Partou Kingi t\u00e4naval asuvas lasteaias t\u00f6\u00f6tanud Bennett v\u00f5itis v\u00e4ikeste laste poolehoiu oma pealtn\u00e4ha armastava olekuga, mis hiljem&hellip;\n","protected":false},"author":2,"featured_media":104213,"comment_status":"","ping_status":"","sticky":false,"template":"","format":"standard","meta":{"footnotes":"","_share_on_mastodon":"0"},"categories":[80],"tags":[26,27,49947,37,33,35,34,36,31,32,21,49948,28,29,95,19,25,23,24,1038,22,20,30,92,93,94],"class_list":["post-104212","post","type-post","status-publish","format-standard","has-post-thumbnail","category-maailm","tag-breaking-news","tag-breakingnews","tag-bristol","tag-ee","tag-eesti","tag-eesti-keel","tag-estonia","tag-estonian","tag-featured-news","tag-featurednews","tag-headlines","tag-laste-seksuaalne-kuritarvitamine","tag-latest-news","tag-latestnews","tag-maailm","tag-news","tag-populaarseimad-lood","tag-top-stories","tag-topstories","tag-uhendkuningriik","tag-uldised-uudised","tag-uudised","tag-viimased-uudised","tag-world","tag-world-news","tag-worldnews"],"share_on_mastodon":{"url":"https:\/\/pubeurope.com\/@ee\/116041171801409633","error":""},"_links":{"self":[{"href":"https:\/\/www.europesays.com\/ee\/wp-json\/wp\/v2\/posts\/104212","targetHints":{"allow":["GET"]}}],"collection":[{"href":"https:\/\/www.europesays.com\/ee\/wp-json\/wp\/v2\/posts"}],"about":[{"href":"https:\/\/www.europesays.com\/ee\/wp-json\/wp\/v2\/types\/post"}],"author":[{"embeddable":true,"href":"https:\/\/www.europesays.com\/ee\/wp-json\/wp\/v2\/users\/2"}],"replies":[{"embeddable":true,"href":"https:\/\/www.europesays.com\/ee\/wp-json\/wp\/v2\/comments?post=104212"}],"version-history":[{"count":0,"href":"https:\/\/www.europesays.com\/ee\/wp-json\/wp\/v2\/posts\/104212\/revisions"}],"wp:featuredmedia":[{"embeddable":true,"href":"https:\/\/www.europesays.com\/ee\/wp-json\/wp\/v2\/media\/104213"}],"wp:attachment":[{"href":"https:\/\/www.europesays.com\/ee\/wp-json\/wp\/v2\/media?parent=104212"}],"wp:term":[{"taxonomy":"category","embeddable":true,"href":"https:\/\/www.europesays.com\/ee\/wp-json\/wp\/v2\/categories?post=104212"},{"taxonomy":"post_tag","embeddable":true,"href":"https:\/\/www.europesays.com\/ee\/wp-json\/wp\/v2\/tags?post=104212"}],"curies":[{"name":"wp","href":"https:\/\/api.w.org\/{rel}","templated":true}]}}