{"id":104220,"date":"2026-02-09T14:46:04","date_gmt":"2026-02-09T14:46:04","guid":{"rendered":"https:\/\/www.europesays.com\/ee\/104220\/"},"modified":"2026-02-09T14:46:04","modified_gmt":"2026-02-09T14:46:04","slug":"soomes-avaneb-doonorlastel-tanavu-lopuks-voimalus-saada-teada-oma-paritolu","status":"publish","type":"post","link":"https:\/\/www.europesays.com\/ee\/104220\/","title":{"rendered":"Soomes avaneb doonorlastel t\u00e4navu l\u00f5puks v\u00f5imalus saada teada oma p\u00e4ritolu"},"content":{"rendered":"<p class=\"MsoNormal\">Alates viljakusravi seaduse j\u00f5ustumisest 2007. aasta septembris pole Soomes olnud v\u00f5imalik muna- ja seemnerakke enam anon\u00fc\u00fcmselt annetada, mis t\u00e4hendab, et riigi lubade ja j\u00e4relevalve ametis peetavas registris s\u00e4ilitatakse sellest ajast alates k\u00f5igi sugurakudoonorite andmeid, mis k\u00e4tkevad ees- ja perekonnanime, s\u00fcnnikuup\u00e4eva ja kodakondsust, vahendas Yle.<\/p>\n","protected":false},"excerpt":{"rendered":"Alates viljakusravi seaduse j\u00f5ustumisest 2007. aasta septembris pole Soomes olnud v\u00f5imalik muna- ja seemnerakke enam anon\u00fc\u00fcmselt annetada, mis&hellip;\n","protected":false},"author":2,"featured_media":104221,"comment_status":"","ping_status":"","sticky":false,"template":"","format":"standard","meta":{"footnotes":"","_share_on_mastodon":"0"},"categories":[80],"tags":[49951,26,27,49950,37,33,35,34,36,31,32,21,31343,28,29,95,49952,19,25,113,31342,49949,23,24,22,20,30,49953,92,93,94],"class_list":["post-104220","post","type-post","status-publish","format-standard","has-post-thumbnail","category-maailm","tag-anonuumsed-doonorid","tag-breaking-news","tag-breakingnews","tag-doonorlapsed","tag-ee","tag-eesti","tag-eesti-keel","tag-estonia","tag-estonian","tag-featured-news","tag-featurednews","tag-headlines","tag-kunstlik-viljastamine","tag-latest-news","tag-latestnews","tag-maailm","tag-munarakudoonorid","tag-news","tag-populaarseimad-lood","tag-soome","tag-spermadoonor","tag-sugurakudoonorite-register","tag-top-stories","tag-topstories","tag-uldised-uudised","tag-uudised","tag-viimased-uudised","tag-viljakusravi","tag-world","tag-world-news","tag-worldnews"],"share_on_mastodon":{"url":"https:\/\/pubeurope.com\/@ee\/116041219176629770","error":""},"_links":{"self":[{"href":"https:\/\/www.europesays.com\/ee\/wp-json\/wp\/v2\/posts\/104220","targetHints":{"allow":["GET"]}}],"collection":[{"href":"https:\/\/www.europesays.com\/ee\/wp-json\/wp\/v2\/posts"}],"about":[{"href":"https:\/\/www.europesays.com\/ee\/wp-json\/wp\/v2\/types\/post"}],"author":[{"embeddable":true,"href":"https:\/\/www.europesays.com\/ee\/wp-json\/wp\/v2\/users\/2"}],"replies":[{"embeddable":true,"href":"https:\/\/www.europesays.com\/ee\/wp-json\/wp\/v2\/comments?post=104220"}],"version-history":[{"count":0,"href":"https:\/\/www.europesays.com\/ee\/wp-json\/wp\/v2\/posts\/104220\/revisions"}],"wp:featuredmedia":[{"embeddable":true,"href":"https:\/\/www.europesays.com\/ee\/wp-json\/wp\/v2\/media\/104221"}],"wp:attachment":[{"href":"https:\/\/www.europesays.com\/ee\/wp-json\/wp\/v2\/media?parent=104220"}],"wp:term":[{"taxonomy":"category","embeddable":true,"href":"https:\/\/www.europesays.com\/ee\/wp-json\/wp\/v2\/categories?post=104220"},{"taxonomy":"post_tag","embeddable":true,"href":"https:\/\/www.europesays.com\/ee\/wp-json\/wp\/v2\/tags?post=104220"}],"curies":[{"name":"wp","href":"https:\/\/api.w.org\/{rel}","templated":true}]}}