{"id":104491,"date":"2026-02-09T20:37:06","date_gmt":"2026-02-09T20:37:06","guid":{"rendered":"https:\/\/www.europesays.com\/ee\/104491\/"},"modified":"2026-02-09T20:37:06","modified_gmt":"2026-02-09T20:37:06","slug":"tostamaa-kasitookeskus-ombleb-parnumaa-kihelkondade-rahvaroivakasukaid-eesti","status":"publish","type":"post","link":"https:\/\/www.europesays.com\/ee\/104491\/","title":{"rendered":"T\u00f5stamaa k\u00e4sit\u00f6\u00f6keskus \u00f5mbleb P\u00e4rnumaa kihelkondade rahvar\u00f5ivakasukaid | Eesti"},"content":{"rendered":"<p>T\u00f5stamaa k\u00e4sit\u00f6\u00f6keskus v\u00f5ttis p\u00e4randi s\u00e4ilitamise eesm\u00e4rgil ette kunagiste P\u00e4rnumaa kihelkondade rahvar\u00f5ivakasukate \u00f5mblemise. Lambanahksed kasukad valmivad t\u00e4ielikult k\u00e4sit\u00f6\u00f6na ja traditsiooniliste \u00f5mblusv\u00f5tetega.<\/p>\n<p>T\u00e4navuse pakasega v\u00f5iks kasukas olla igati sobilik r\u00f5ivaese. T\u00f5stamaa k\u00e4sit\u00f6\u00f6keskuses just usin kasukate tegemine k\u00e4ibki, sest rahvar\u00f5ivameistri Anu Randmaa initsiatiivil taasluuakse seal kunagiste P\u00e4rnumaa kihelkondade rahvar\u00f5ivaste kasukaid.<\/p>\n<p>&#8220;See m\u00f5te sai alguse v\u00e4ga ammu, kui ma l\u00e4ksin esimest korda rahvar\u00f5ivakooli aastal 2000 ja ma n\u00e4gin, et T\u00f5stamaalt on kogutud nii uhked kasukad. Tekkis tunne, et kunagi ma tahan selle kasuka j\u00e4rgi teha. Meil oli eesm\u00e4rk see, et me saaksime P\u00e4rnumaa kihelkonna rahvar\u00f5ivaste juurtega need talveriided, need uhked kasukad, kuued ja m\u00fctsid,&#8221; r\u00e4\u00e4kis Randmaa.<\/p>\n<p>Sel ainulaadsel p\u00e4randit v\u00e4\u00e4rtustaval kursusel osalevad juba kogenud rahvar\u00f5ivameistrid, kes teevad kasukad enda rahvar\u00f5ivaste juurde. Kasukameistri Made Uusi juhendamisel on nad uurinud muuseumikasukaid, \u00f5ppinud k\u00e4sitsi naha \u00f5mblemise tehnoloogiaid ja omandanud traditsioonilisi \u00f5mblusv\u00f5tteid.<\/p>\n<p>&#8220;K\u00f5ige t\u00e4htsam on see, et meil oleks materjali. Me ei ela enam t\u00e4nap\u00e4eval talus \u2013 meil ei ole niimoodi, et loomulikult see materjal kuskilt tuleb. Selle kasuka puhul on v\u00e4\u00e4rtustatud mitte karva pool, vaid naha pool ja siis see, et meil oleks sellised lambad, kellelt siis sellise naha saab,&#8221; \u00fctles Randmaa.<\/p>\n<p>Kokku valmib k\u00fcmme kasukat T\u00f5stamaa, Mihkli, H\u00e4\u00e4demeeste, P\u00e4rnu-Jaagupi ja Audru kihelkonnast.<\/p>\n<p>Rahvar\u00f5ivameister Maia Agar m\u00e4rkis, et tal on Audru kihelkonna kasukas, mille omap\u00e4ra on see, et sel ei ole mitte lambanahast puhud, vaid on h\u00fclgenahast puhud.<\/p>\n<p>&#8220;Ta on f\u00fc\u00fcsiliselt tegelikult raske. Kui v\u00e4ga pikalt nagu j\u00e4rjest teha, siis ikkagi hakkavad s\u00f5rmed ja k\u00e4ed hakkavad valutama. Ja muidugi see, et n\u00f5elaga saab torgata ennast iga natukese aja tagant. Aga ta on nii inspireeriv ja v\u00e4ljakutseid pakkuv,&#8221; s\u00f5nas Agar.<\/p>\n<p>Rahvar\u00f5ivameister Tiia Heinsaar m\u00e4rkis, et ka tal on Audru kihelkonna kasukas, kuid see on teist t\u00fc\u00fcpi \u2013 kurrutatud.<\/p>\n<p>&#8220;Sellest ei ole muuseumis \u00fchtegi n\u00e4idist ega midagi peale selle, et on leitud paar paberit. Mul on siis kurrud nagu Muhu kasukatel on. See on natuke teistmoodi, \u00a0siin P\u00e4rnumaal ei ole teisi selliseid kasukaid,&#8221; \u00fctles Heinsaar.<\/p>\n<p>Naised on kasukate \u00f5mblemisega l\u00f5pusirgel ja juba paari n\u00e4dala p\u00e4rast esitletakse neid P\u00e4rnus vabariigi aastap\u00e4eva pidustustel. Valminud kasukatest tehakse ka fotod, mis pannakse \u00fcles Eesti rahvar\u00f5ivaste veebilehele.<\/p>\n","protected":false},"excerpt":{"rendered":"T\u00f5stamaa k\u00e4sit\u00f6\u00f6keskus v\u00f5ttis p\u00e4randi s\u00e4ilitamise eesm\u00e4rgil ette kunagiste P\u00e4rnumaa kihelkondade rahvar\u00f5ivakasukate \u00f5mblemise. Lambanahksed kasukad valmivad t\u00e4ielikult k\u00e4sit\u00f6\u00f6na ja&hellip;\n","protected":false},"author":2,"featured_media":104492,"comment_status":"","ping_status":"","sticky":false,"template":"","format":"standard","meta":{"footnotes":"","_share_on_mastodon":"0"},"categories":[18],"tags":[50082,37,33,35,34,36,50079,50081,50083,4701,159,158,50084,50080],"class_list":["post-104491","post","type-post","status-publish","format-standard","has-post-thumbnail","category-sport","tag-anu-randamaa","tag-ee","tag-eesti","tag-eesti-keel","tag-estonia","tag-estonian","tag-kasukas","tag-kihelkond","tag-maia-agar","tag-parand","tag-sport","tag-sports","tag-tiia-heinsaar","tag-tostamaa-kasitookeskus"],"share_on_mastodon":{"url":"https:\/\/pubeurope.com\/@ee\/116042599161173730","error":""},"_links":{"self":[{"href":"https:\/\/www.europesays.com\/ee\/wp-json\/wp\/v2\/posts\/104491","targetHints":{"allow":["GET"]}}],"collection":[{"href":"https:\/\/www.europesays.com\/ee\/wp-json\/wp\/v2\/posts"}],"about":[{"href":"https:\/\/www.europesays.com\/ee\/wp-json\/wp\/v2\/types\/post"}],"author":[{"embeddable":true,"href":"https:\/\/www.europesays.com\/ee\/wp-json\/wp\/v2\/users\/2"}],"replies":[{"embeddable":true,"href":"https:\/\/www.europesays.com\/ee\/wp-json\/wp\/v2\/comments?post=104491"}],"version-history":[{"count":0,"href":"https:\/\/www.europesays.com\/ee\/wp-json\/wp\/v2\/posts\/104491\/revisions"}],"wp:featuredmedia":[{"embeddable":true,"href":"https:\/\/www.europesays.com\/ee\/wp-json\/wp\/v2\/media\/104492"}],"wp:attachment":[{"href":"https:\/\/www.europesays.com\/ee\/wp-json\/wp\/v2\/media?parent=104491"}],"wp:term":[{"taxonomy":"category","embeddable":true,"href":"https:\/\/www.europesays.com\/ee\/wp-json\/wp\/v2\/categories?post=104491"},{"taxonomy":"post_tag","embeddable":true,"href":"https:\/\/www.europesays.com\/ee\/wp-json\/wp\/v2\/tags?post=104491"}],"curies":[{"name":"wp","href":"https:\/\/api.w.org\/{rel}","templated":true}]}}