{"id":104551,"date":"2026-02-09T22:41:10","date_gmt":"2026-02-09T22:41:10","guid":{"rendered":"https:\/\/www.europesays.com\/ee\/104551\/"},"modified":"2026-02-09T22:41:10","modified_gmt":"2026-02-09T22:41:10","slug":"piret-hartman-%e2%9f%a9-johvi-postkontori-sulgemine-on-vale-otsus","status":"publish","type":"post","link":"https:\/\/www.europesays.com\/ee\/104551\/","title":{"rendered":"PIRET HARTMAN \u27e9 J\u00f5hvi postkontori sulgemine on vale otsus"},"content":{"rendered":"<p>Omniva (Eesti Post) on k\u00fcll \u00e4riettev\u00f5te, kuid ta on ka riigile kuuluv ettev\u00f5te. See t\u00e4hendab, et kasumi teenimise k\u00f5rval on tal kohustus tagada postiteenuse toimimine kogu Eestis. Just sellep\u00e4rast toetasin ka ministrina Omniva arengut ja rahvusvahelist laienemist \u2212 et ettev\u00f5te oleks tugev ning suudaks t\u00e4ita oma p\u00f5hieesm\u00e4rki siin, Eestis.<\/p>\n<p>Mugavad digilahendused ja iseteenindus on igati tervitatavad. Ka mina saadan praegu suure osa saadetisi kontorist lahkumata. Kuid see ei saa olla vabandus postkontorite sulgemiseks maakonnakeskustes. K\u00f5igil ei ole digioskusi ega v\u00f5imalust ajada oma asju internetis. On teenuseid ja olukordi, kus inimene vajab p\u00e4riselt teenindajat.<\/p>\n<p>Paljude Eesti piirkondade elanikud on \u00f5igustatult mures, et Omniva plaanib j\u00e4tta igasse maakonda ainult \u00fche postkontori, erandiks Tallinn ja Tartu. Eriti jabur olukord on tekkinud Ida-Virumaa maakonnakeskuses J\u00f5hvis ja selle l\u00e4hedal asuval Kohtla-J\u00e4rvel \u2212 sealse piirkonna elanikud, keda on 45 000 ringis, peaksid Omniva plaani j\u00e4rgi s\u00f5itma l\u00e4himasse postkontorisse kas 50 kilomeetri kaugusel asuvasse Narva v\u00f5i 70 kilomeetri kaugusel paiknevasse Rakverre.<\/p>\n<p>Linna s\u00fcdames, bussijaamaga samas hoones asuva J\u00f5hvi postkontori sulgemine on vale otsus. Maakonnakeskus ei ole koht, kust riik peaks taanduma. Kui Omniva m\u00f5istaks oma rolli \u00fchiskonnas ja regionaalpoliitikas, otsitaks koos kohalike omavalitsustega lahendusi, mitte ei t\u00f5mmataks teenuseid koomale. Head n\u00e4ited on olemas \u2212 n\u00e4iteks Kivi\u00f5li raamatukogus toimiv postipunkt, mis on inimestele k\u00e4ttesaadav. Olen isegi selle kasutaja ning lisaks posti- ja raamatukogu teenustele on seal ka mugavad v\u00f5imaluseks kaugt\u00f6\u00f6ks.<\/p>\n<p>Kui tahame, et inimesed elaksid maapiirkondades, peab seal olema ka riik. Mitte ainult ekraanil, vaid p\u00e4riselt kohal. Postiteenus on oluline nii praktiliselt kui ka s\u00fcmboolselt. See n\u00e4itab, et riik hoolib ja on olemas. Ja see tunne ja teadmine ei ole kohalike inimeste jaoks sugugi v\u00e4heoluline.<\/p>\n","protected":false},"excerpt":{"rendered":"Omniva (Eesti Post) on k\u00fcll \u00e4riettev\u00f5te, kuid ta on ka riigile kuuluv ettev\u00f5te. See t\u00e4hendab, et kasumi teenimise&hellip;\n","protected":false},"author":2,"featured_media":104552,"comment_status":"","ping_status":"","sticky":false,"template":"","format":"standard","meta":{"footnotes":"","_share_on_mastodon":"0"},"categories":[12],"tags":[26,27,37,33,35,34,36,31,32,21,50100,50101,28,29,19,254,14780,25,9707,23,24,22,20,30],"class_list":["post-104551","post","type-post","status-publish","format-standard","has-post-thumbnail","category-eesti","tag-breaking-news","tag-breakingnews","tag-ee","tag-eesti","tag-eesti-keel","tag-estonia","tag-estonian","tag-featured-news","tag-featurednews","tag-headlines","tag-johvi-postkontor","tag-johvi-postkontori-sulgemine","tag-latest-news","tag-latestnews","tag-news","tag-omniva","tag-piret-hartman","tag-populaarseimad-lood","tag-postiteenus","tag-top-stories","tag-topstories","tag-uldised-uudised","tag-uudised","tag-viimased-uudised"],"share_on_mastodon":{"url":"https:\/\/pubeurope.com\/@ee\/116043086794974843","error":""},"_links":{"self":[{"href":"https:\/\/www.europesays.com\/ee\/wp-json\/wp\/v2\/posts\/104551","targetHints":{"allow":["GET"]}}],"collection":[{"href":"https:\/\/www.europesays.com\/ee\/wp-json\/wp\/v2\/posts"}],"about":[{"href":"https:\/\/www.europesays.com\/ee\/wp-json\/wp\/v2\/types\/post"}],"author":[{"embeddable":true,"href":"https:\/\/www.europesays.com\/ee\/wp-json\/wp\/v2\/users\/2"}],"replies":[{"embeddable":true,"href":"https:\/\/www.europesays.com\/ee\/wp-json\/wp\/v2\/comments?post=104551"}],"version-history":[{"count":0,"href":"https:\/\/www.europesays.com\/ee\/wp-json\/wp\/v2\/posts\/104551\/revisions"}],"wp:featuredmedia":[{"embeddable":true,"href":"https:\/\/www.europesays.com\/ee\/wp-json\/wp\/v2\/media\/104552"}],"wp:attachment":[{"href":"https:\/\/www.europesays.com\/ee\/wp-json\/wp\/v2\/media?parent=104551"}],"wp:term":[{"taxonomy":"category","embeddable":true,"href":"https:\/\/www.europesays.com\/ee\/wp-json\/wp\/v2\/categories?post=104551"},{"taxonomy":"post_tag","embeddable":true,"href":"https:\/\/www.europesays.com\/ee\/wp-json\/wp\/v2\/tags?post=104551"}],"curies":[{"name":"wp","href":"https:\/\/api.w.org\/{rel}","templated":true}]}}