{"id":104681,"date":"2026-02-10T06:12:06","date_gmt":"2026-02-10T06:12:06","guid":{"rendered":"https:\/\/www.europesays.com\/ee\/104681\/"},"modified":"2026-02-10T06:12:06","modified_gmt":"2026-02-10T06:12:06","slug":"ilmateade-pakast-jatkub-veel-moneks-paevaks-maaleht","status":"publish","type":"post","link":"https:\/\/www.europesays.com\/ee\/104681\/","title":{"rendered":"ILMATEADE | Pakast j\u00e4tkub veel m\u00f5neks p\u00e4evaks &#8211; Maaleht"},"content":{"rendered":"<ol>\n<li><a href=\"https:\/\/news.google.com\/rss\/articles\/CBMikAFBVV95cUxPMHRfQl9HSVZtVWx1Q2RFQlV0VUdqRXJZUzNnUzNFNDdYWHNVOEFFRHNZOWlMYW9MVUUwOVVUcVU0Zm5uZnRwUURsVnVFMFdpaTlpR2ZMY05oTXlyeG5iTU9hSVZMb3dwbEpRcXYzVjlsVjJiVHdLRjlJNFVOejZMUkFzZ1ZqY3lwUEE2MkNLRl8?oc=5\" target=\"_blank\" rel=\"nofollow noopener\">ILMATEADE | Pakast j\u00e4tkub veel m\u00f5neks p\u00e4evaks<\/a>&nbsp;&nbsp;Maaleht<\/li>\n<li><a href=\"https:\/\/news.google.com\/rss\/articles\/CBMia0FVX3lxTE9SdzlIblRFcnhTTEJZNDNDMXhFa1hQMDUwY0tVdkFpM1Q5clFrZUhtX1Vid1I3c1RFTV9iSHBhUHVsT0J6VDdiZm8tYVdNU3pKd3FicEtKYzZ0Q0FQdXJ4eW9xSkNQbC1RbGRv?oc=5\" target=\"_blank\" rel=\"nofollow noopener\">Ilm p\u00fcsib stabiilselt talvine<\/a>&nbsp;&nbsp;ERR<\/li>\n<li><a href=\"https:\/\/news.google.com\/rss\/articles\/CBMiswFBVV95cUxNeVhZbTI4WnFRR0JvNzdXMUNyRzk1bXNoSFl3S09UMXFUb2xoUzhDb2hzUTE5LVBFcmI5QkRzR0dGaXl5X1BHUFR2Y25KUnI0OXJIWkM5NHpfamVONjFUMWRNd0g2R2dmREtCVEpVRFhFeTRMNHd2b09ZTnZPM3lSZTJPdHpXZFJHeW55LVZINURzQzNQU2FWamVxdnN1MUhEbWdKNkRBUFkwZlhDVlB2d0dNUQ?oc=5\" target=\"_blank\" rel=\"nofollow noopener\">ILMATEADE | \u00d5hutemperatuur t\u00f5useb: oodata on tavap\u00e4rasest soojemat p\u00e4eva<\/a>&nbsp;&nbsp;Maaleht<\/li>\n<li><a href=\"https:\/\/news.google.com\/rss\/articles\/CBMieEFVX3lxTE91X2h1LWRkYldJTzhhMWtNSHc0alFpY09KTkJ5WENFdXhmVVNYN3oyZ2pVWld2UEt6SHp4OWlIdnlvT1pMOG5paV9Zb3JnRUtoMXZabi1wRXlob05TYjVMeElzTkdCcE0yeWxvWlVfYWlFUjkwVUsxSA?oc=5\" target=\"_blank\" rel=\"nofollow noopener\">Ilmatargad: kevad on veel m\u00e4gede taga<\/a>&nbsp;&nbsp;postimees.ee<\/li>\n<li><a href=\"https:\/\/news.google.com\/rss\/articles\/CBMiogFBVV95cUxQdHNHX0xXMkJPdVBzaHFaQXVhc09VSFJFR3E1Y3pfdk5xeHhJQTFwbXRka0U2bmVIaS1rYXBrX1ZTNUhxZTlRVnBObEtGbFVBMGVRUV8xLWE5UUxKblhZN3drVXJORXNpbFFHWm5Bc0pPVjA1V2Y1YzRtMHVON1VtTFZrRzJ2V2pKS0FiUG9vVXVqS01kR3c1cFJhN3VuMFpic0E?oc=5\" target=\"_blank\" rel=\"nofollow noopener\">TV3 VIDEO | Metsavana: kevad laseb ennast sel aastal veel pikalt oodata<\/a>&nbsp;&nbsp;\u00d5htuleht<\/li>\n<\/ol>\n","protected":false},"excerpt":{"rendered":"ILMATEADE | Pakast j\u00e4tkub veel m\u00f5neks p\u00e4evaks&nbsp;&nbsp;Maaleht Ilm p\u00fcsib stabiilselt talvine&nbsp;&nbsp;ERR ILMATEADE | \u00d5hutemperatuur t\u00f5useb: oodata on tavap\u00e4rasest&hellip;\n","protected":false},"author":2,"featured_media":104682,"comment_status":"","ping_status":"","sticky":false,"template":"","format":"standard","meta":{"footnotes":"","_share_on_mastodon":"0"},"categories":[12],"tags":[26,27,37,33,35,34,36,31,32,21,668,3963,28,29,8118,19,25,23,24,30867,22,20,30],"class_list":["post-104681","post","type-post","status-publish","format-standard","has-post-thumbnail","category-eesti","tag-breaking-news","tag-breakingnews","tag-ee","tag-eesti","tag-eesti-keel","tag-estonia","tag-estonian","tag-featured-news","tag-featurednews","tag-headlines","tag-ilm","tag-ilmateade","tag-latest-news","tag-latestnews","tag-lumi","tag-news","tag-populaarseimad-lood","tag-top-stories","tag-topstories","tag-tuisk","tag-uldised-uudised","tag-uudised","tag-viimased-uudised"],"share_on_mastodon":{"url":"https:\/\/pubeurope.com\/@ee\/116044860181428929","error":""},"_links":{"self":[{"href":"https:\/\/www.europesays.com\/ee\/wp-json\/wp\/v2\/posts\/104681","targetHints":{"allow":["GET"]}}],"collection":[{"href":"https:\/\/www.europesays.com\/ee\/wp-json\/wp\/v2\/posts"}],"about":[{"href":"https:\/\/www.europesays.com\/ee\/wp-json\/wp\/v2\/types\/post"}],"author":[{"embeddable":true,"href":"https:\/\/www.europesays.com\/ee\/wp-json\/wp\/v2\/users\/2"}],"replies":[{"embeddable":true,"href":"https:\/\/www.europesays.com\/ee\/wp-json\/wp\/v2\/comments?post=104681"}],"version-history":[{"count":0,"href":"https:\/\/www.europesays.com\/ee\/wp-json\/wp\/v2\/posts\/104681\/revisions"}],"wp:featuredmedia":[{"embeddable":true,"href":"https:\/\/www.europesays.com\/ee\/wp-json\/wp\/v2\/media\/104682"}],"wp:attachment":[{"href":"https:\/\/www.europesays.com\/ee\/wp-json\/wp\/v2\/media?parent=104681"}],"wp:term":[{"taxonomy":"category","embeddable":true,"href":"https:\/\/www.europesays.com\/ee\/wp-json\/wp\/v2\/categories?post=104681"},{"taxonomy":"post_tag","embeddable":true,"href":"https:\/\/www.europesays.com\/ee\/wp-json\/wp\/v2\/tags?post=104681"}],"curies":[{"name":"wp","href":"https:\/\/api.w.org\/{rel}","templated":true}]}}