{"id":104784,"date":"2026-02-10T08:24:16","date_gmt":"2026-02-10T08:24:16","guid":{"rendered":"https:\/\/www.europesays.com\/ee\/104784\/"},"modified":"2026-02-10T08:24:16","modified_gmt":"2026-02-10T08:24:16","slug":"uuesti-vastu-voetav-hasartmangumaksu-muudatus-rakendub-martsist-eesti","status":"publish","type":"post","link":"https:\/\/www.europesays.com\/ee\/104784\/","title":{"rendered":"Uuesti vastu v\u00f5etav hasartm\u00e4ngumaksu muudatus rakendub m\u00e4rtsist | Eesti"},"content":{"rendered":"<p>Riigikogus l\u00e4heb teisip\u00e4eval l\u00f5pph\u00e4\u00e4letusele Eesti 200 fraktsiooni liikme Tanel Teini algatatud hasartm\u00e4ngumaksu seaduse muutmise eeln\u00f5u, millega  k\u00f5rvaldatakse seadusest aasta alguses ilmnenud s\u00f5nastuspraak, mille t\u00f5ttu oli  seadusest kadunud veebikasiinode maksustamine. Seadusmuudatuse j\u00f5ustumise ajaks on m\u00e4\u00e4ratud 1. m\u00e4rts.<\/p>\n<p>Seadusmuudatusega tagatakse selgus, et kaughasartm\u00e4nguna korraldatavate \u00f5nne- ja osavusm\u00e4ngude maksustamine toimub \u00fchetaoliselt. Eeln\u00f5uga j\u00e4etakse seaduse paragrahv 6 punktist 7 v\u00e4lja s\u00f5na &#8220;osavusm\u00e4ngu&#8221;, mille tulemusel hakkab kehtima 5,5-protsendiline hasartm\u00e4ngumaks m\u00f5lemale m\u00e4nguliigile.<\/p>\n<p>Rahanduskomisjon muutis esialgset j\u00f5ustumise t\u00e4htaega ja n\u00e4gi ette muudatuse j\u00f5ustumise ajaks 1. m\u00e4rts 2026.<\/p>\n<p>Hasartm\u00e4ngumaksu seaduse kohaselt on \u00fcldine hasartm\u00e4ngumaksuga maksustamise periood kalendrikuu. Sellest tulenevalt on m\u00e4\u00e4ratud ka seaduse j\u00f5ustumise t\u00e4htaeg j\u00e4rgmise kuu algusesse, mis on koosk\u00f5las turuosaliste ning maksuhalduri praeguse infotehnoloogiliste lahenduste ja t\u00f6\u00f6korraldusega.<\/p>\n<p>Eeln\u00f5u on seotud riigikogus 3. detsembril vastu v\u00f5etud ja 1. jaanuaril j\u00f5ustunud seadusega, mille eesm\u00e4rk oli hasartm\u00e4ngumaksu laekumiste kaudu suurendada spordi ja kultuuri rahastamist. Seaduse j\u00f5ustumine 1. m\u00e4rtsil aitab taastada turuosalistele ja maksuhaldurile olukorra, et m\u00f5lemad m\u00e4nguliigid kuuluvad maksustamisele \u00fchesuguse maksum\u00e4\u00e4raga.<\/p>\n","protected":false},"excerpt":{"rendered":"Riigikogus l\u00e4heb teisip\u00e4eval l\u00f5pph\u00e4\u00e4letusele Eesti 200 fraktsiooni liikme Tanel Teini algatatud hasartm\u00e4ngumaksu seaduse muutmise eeln\u00f5u, millega k\u00f5rvaldatakse seadusest&hellip;\n","protected":false},"author":2,"featured_media":104785,"comment_status":"","ping_status":"","sticky":false,"template":"","format":"standard","meta":{"footnotes":"","_share_on_mastodon":"0"},"categories":[12],"tags":[26,27,37,33,35,34,36,31,32,6593,21,28,29,19,25,640,10598,23,24,22,20,30],"class_list":["post-104784","post","type-post","status-publish","format-standard","has-post-thumbnail","category-eesti","tag-breaking-news","tag-breakingnews","tag-ee","tag-eesti","tag-eesti-keel","tag-estonia","tag-estonian","tag-featured-news","tag-featurednews","tag-hasartmangumaksu-seadus","tag-headlines","tag-latest-news","tag-latestnews","tag-news","tag-populaarseimad-lood","tag-riigikogu","tag-tanel-tein","tag-top-stories","tag-topstories","tag-uldised-uudised","tag-uudised","tag-viimased-uudised"],"share_on_mastodon":{"url":"https:\/\/pubeurope.com\/@ee\/116045379192906904","error":""},"_links":{"self":[{"href":"https:\/\/www.europesays.com\/ee\/wp-json\/wp\/v2\/posts\/104784","targetHints":{"allow":["GET"]}}],"collection":[{"href":"https:\/\/www.europesays.com\/ee\/wp-json\/wp\/v2\/posts"}],"about":[{"href":"https:\/\/www.europesays.com\/ee\/wp-json\/wp\/v2\/types\/post"}],"author":[{"embeddable":true,"href":"https:\/\/www.europesays.com\/ee\/wp-json\/wp\/v2\/users\/2"}],"replies":[{"embeddable":true,"href":"https:\/\/www.europesays.com\/ee\/wp-json\/wp\/v2\/comments?post=104784"}],"version-history":[{"count":0,"href":"https:\/\/www.europesays.com\/ee\/wp-json\/wp\/v2\/posts\/104784\/revisions"}],"wp:featuredmedia":[{"embeddable":true,"href":"https:\/\/www.europesays.com\/ee\/wp-json\/wp\/v2\/media\/104785"}],"wp:attachment":[{"href":"https:\/\/www.europesays.com\/ee\/wp-json\/wp\/v2\/media?parent=104784"}],"wp:term":[{"taxonomy":"category","embeddable":true,"href":"https:\/\/www.europesays.com\/ee\/wp-json\/wp\/v2\/categories?post=104784"},{"taxonomy":"post_tag","embeddable":true,"href":"https:\/\/www.europesays.com\/ee\/wp-json\/wp\/v2\/tags?post=104784"}],"curies":[{"name":"wp","href":"https:\/\/api.w.org\/{rel}","templated":true}]}}