{"id":104873,"date":"2026-02-10T10:15:07","date_gmt":"2026-02-10T10:15:07","guid":{"rendered":"https:\/\/www.europesays.com\/ee\/104873\/"},"modified":"2026-02-10T10:15:07","modified_gmt":"2026-02-10T10:15:07","slug":"illi-kulas-plahvatas-katel-lapetukmel-poles-korstnas-tahm","status":"publish","type":"post","link":"https:\/\/www.europesays.com\/ee\/104873\/","title":{"rendered":"Illi k\u00fclas plahvatas katel, Lapetukmel p\u00f5les korstnas tahm"},"content":{"rendered":"<p class=\"MsoNormal\">Kell kolmveerand \u00fcheksa \u00f5htul teatati, et N\u00f5o vallas Illi k\u00fclas tuleb elamu katlamaja kohal asuvast garaa\u017eist suitsu. Pererahvas v\u00e4ljus hoonest, tulekahju tundem\u00e4rgid puudusid. P\u00e4\u00e4stjad tegid kindlaks, et katla sees oli teadmata p\u00f5hjusel toimunud plahvatus, mis l\u00f5i keldri suitsu t\u00e4is ning tungis ka majja. Katel ise j\u00e4i terveks. Kiirabi vaatas inimesed kohapeal \u00fcle, katlamaja j\u00e4i peremehe valve alla.<\/p>\n","protected":false},"excerpt":{"rendered":"Kell kolmveerand \u00fcheksa \u00f5htul teatati, et N\u00f5o vallas Illi k\u00fclas tuleb elamu katlamaja kohal asuvast garaa\u017eist suitsu. Pererahvas&hellip;\n","protected":false},"author":2,"featured_media":104874,"comment_status":"","ping_status":"","sticky":false,"template":"","format":"standard","meta":{"footnotes":"","_share_on_mastodon":"0"},"categories":[5],"tags":[26,27,37,33,35,34,36,31,32,21,50217,19004,50216,28,29,19,4163,2003,25,23,24,22,20,30],"class_list":["post-104873","post","type-post","status-publish","format-standard","has-post-thumbnail","category-uldised-uudised","tag-breaking-news","tag-breakingnews","tag-ee","tag-eesti","tag-eesti-keel","tag-estonia","tag-estonian","tag-featured-news","tag-featurednews","tag-headlines","tag-illi-kula","tag-kuttesusteem","tag-lapetukme","tag-latest-news","tag-latestnews","tag-news","tag-plahvatus","tag-poleng","tag-populaarseimad-lood","tag-top-stories","tag-topstories","tag-uldised-uudised","tag-uudised","tag-viimased-uudised"],"share_on_mastodon":{"url":"https:\/\/pubeurope.com\/@ee\/116045815682974866","error":""},"_links":{"self":[{"href":"https:\/\/www.europesays.com\/ee\/wp-json\/wp\/v2\/posts\/104873","targetHints":{"allow":["GET"]}}],"collection":[{"href":"https:\/\/www.europesays.com\/ee\/wp-json\/wp\/v2\/posts"}],"about":[{"href":"https:\/\/www.europesays.com\/ee\/wp-json\/wp\/v2\/types\/post"}],"author":[{"embeddable":true,"href":"https:\/\/www.europesays.com\/ee\/wp-json\/wp\/v2\/users\/2"}],"replies":[{"embeddable":true,"href":"https:\/\/www.europesays.com\/ee\/wp-json\/wp\/v2\/comments?post=104873"}],"version-history":[{"count":0,"href":"https:\/\/www.europesays.com\/ee\/wp-json\/wp\/v2\/posts\/104873\/revisions"}],"wp:featuredmedia":[{"embeddable":true,"href":"https:\/\/www.europesays.com\/ee\/wp-json\/wp\/v2\/media\/104874"}],"wp:attachment":[{"href":"https:\/\/www.europesays.com\/ee\/wp-json\/wp\/v2\/media?parent=104873"}],"wp:term":[{"taxonomy":"category","embeddable":true,"href":"https:\/\/www.europesays.com\/ee\/wp-json\/wp\/v2\/categories?post=104873"},{"taxonomy":"post_tag","embeddable":true,"href":"https:\/\/www.europesays.com\/ee\/wp-json\/wp\/v2\/tags?post=104873"}],"curies":[{"name":"wp","href":"https:\/\/api.w.org\/{rel}","templated":true}]}}