{"id":104931,"date":"2026-02-10T11:09:18","date_gmt":"2026-02-10T11:09:18","guid":{"rendered":"https:\/\/www.europesays.com\/ee\/104931\/"},"modified":"2026-02-10T11:09:18","modified_gmt":"2026-02-10T11:09:18","slug":"karitsa-jarvele-kavandatakse-arendusprojekti-raplamaa-sonumid","status":"publish","type":"post","link":"https:\/\/www.europesays.com\/ee\/104931\/","title":{"rendered":"Karitsa j\u00e4rvele kavandatakse arendusprojekti &#8211; Raplamaa S\u00f5numid"},"content":{"rendered":"<p>Kehtna spordiklubi on teinud Rapla vallavalitsusele ettepaneku algatada Karitsa j\u00e4rvel arendusprojekt, mille eesm\u00e4rk on kujundada j\u00e4rvest laiemat kasutust v\u00f5imaldav spordi- ja puhkeala.<\/p>\n<p>Spordiklubi Team Kehtna MT\u00dc p\u00f6\u00f6rdumises m\u00e4rgitakse, et projekti eesm\u00e4rk on kujundada Karitsa j\u00e4rvest piirkondlikult ja riiklikult oluline spordi- ja puhkeala. Plaani keskne osa on j\u00e4rve kuju muutmine kaevet\u00f6\u00f6de abil, mille tulemusel tekiks j\u00e4rve keskossa saar.<\/p>\n","protected":false},"excerpt":{"rendered":"Kehtna spordiklubi on teinud Rapla vallavalitsusele ettepaneku algatada Karitsa j\u00e4rvel arendusprojekt, mille eesm\u00e4rk on kujundada j\u00e4rvest laiemat kasutust&hellip;\n","protected":false},"author":2,"featured_media":104932,"comment_status":"","ping_status":"","sticky":false,"template":"","format":"standard","meta":{"footnotes":"","_share_on_mastodon":"0"},"categories":[12],"tags":[16277,26,27,37,33,35,34,36,31,32,21,50235,50236,28,29,19,25,23,24,22,20,30],"class_list":["post-104931","post","type-post","status-publish","format-standard","has-post-thumbnail","category-eesti","tag-arendus","tag-breaking-news","tag-breakingnews","tag-ee","tag-eesti","tag-eesti-keel","tag-estonia","tag-estonian","tag-featured-news","tag-featurednews","tag-headlines","tag-karitsa-jarv","tag-karitsa-puhkeala","tag-latest-news","tag-latestnews","tag-news","tag-populaarseimad-lood","tag-top-stories","tag-topstories","tag-uldised-uudised","tag-uudised","tag-viimased-uudised"],"share_on_mastodon":{"url":"https:\/\/pubeurope.com\/@ee\/116046028081475433","error":""},"_links":{"self":[{"href":"https:\/\/www.europesays.com\/ee\/wp-json\/wp\/v2\/posts\/104931","targetHints":{"allow":["GET"]}}],"collection":[{"href":"https:\/\/www.europesays.com\/ee\/wp-json\/wp\/v2\/posts"}],"about":[{"href":"https:\/\/www.europesays.com\/ee\/wp-json\/wp\/v2\/types\/post"}],"author":[{"embeddable":true,"href":"https:\/\/www.europesays.com\/ee\/wp-json\/wp\/v2\/users\/2"}],"replies":[{"embeddable":true,"href":"https:\/\/www.europesays.com\/ee\/wp-json\/wp\/v2\/comments?post=104931"}],"version-history":[{"count":0,"href":"https:\/\/www.europesays.com\/ee\/wp-json\/wp\/v2\/posts\/104931\/revisions"}],"wp:featuredmedia":[{"embeddable":true,"href":"https:\/\/www.europesays.com\/ee\/wp-json\/wp\/v2\/media\/104932"}],"wp:attachment":[{"href":"https:\/\/www.europesays.com\/ee\/wp-json\/wp\/v2\/media?parent=104931"}],"wp:term":[{"taxonomy":"category","embeddable":true,"href":"https:\/\/www.europesays.com\/ee\/wp-json\/wp\/v2\/categories?post=104931"},{"taxonomy":"post_tag","embeddable":true,"href":"https:\/\/www.europesays.com\/ee\/wp-json\/wp\/v2\/tags?post=104931"}],"curies":[{"name":"wp","href":"https:\/\/api.w.org\/{rel}","templated":true}]}}