{"id":105107,"date":"2026-02-10T14:51:08","date_gmt":"2026-02-10T14:51:08","guid":{"rendered":"https:\/\/www.europesays.com\/ee\/105107\/"},"modified":"2026-02-10T14:51:08","modified_gmt":"2026-02-10T14:51:08","slug":"tallinn-rakendab-tagasiulatuvalt-korgemaid-toetusi-peredele-pensionaridele-ja-erivajadustega-inimestele","status":"publish","type":"post","link":"https:\/\/www.europesays.com\/ee\/105107\/","title":{"rendered":"Tallinn rakendab tagasiulatuvalt k\u00f5rgemaid toetusi peredele, pension\u00e4ridele ja erivajadustega inimestele"},"content":{"rendered":"<p class=\"western\">Toetused hakkasid kehtima alates t\u00e4navu aasta 1. jaanuarist ja uus eluruumi kohandamise kulu h\u00fcvitise m\u00e4\u00e4r eraldi platvormt\u00f5stukile m\u00e4\u00e4ruse j\u00f5ustumisest.<\/p>\n<p class=\"western\">Abilinnapea Riina Solman m\u00e4rkis, et Tallinna eesm\u00e4rk on pakkuda peredele, eakatele ja erivajadustega inimestele kindlustunnet ning p\u00e4riselt toimivat tuge. \u201eTagasiulatuvalt k\u00e4esoleva aasta jaanuarist j\u00f5ustunud toetuste t\u00f5us ja uus eraldi h\u00fcvitis aitavad leevendada igap\u00e4evaseid kulusid ning parandavad nende inimeste toimetulekut, kes abi k\u00f5ige enam vajavad,\u201c \u00fctles abilinnapea.<\/p>\n<p class=\"western\">S\u00fcnnitoetust makstakse 1. jaanuaril 2026 v\u00f5i hiljem s\u00fcndinud laste peredele \u00fche lapse s\u00fcnni korral 1000 eurot, kaksikute s\u00fcnni korral 3000 eurot ja kolme v\u00f5i enama lapse s\u00fcnni korral 10 000 eurot. Tallinna linna poolt makstav puudega lapse toetus on 200 eurot ja pensionilisa 250 eurot kalendriaastas.<\/p>\n<p class=\"western\">Samuti kehtestati eluruumi kohandamise kulu h\u00fcvitisele t\u00e4iendav piirm\u00e4\u00e4r, millega toetakse platvormt\u00f5stuki soetamist ja paigaldamist. \u201e\u00dches m\u00e4\u00e4ras eluruumi kohandamise kulu h\u00fcvitamise piirm\u00e4\u00e4r summas 3200 eurot pani abivajajad olukorda, kus platvormt\u00f5stuki soetamisel j\u00e4i omaosalus siiski liiga kalliks. Kuna aga t\u00f5stuki paigaldamine aitab k\u00f5rvaldada paljude taotlejate takistusi eluruumile ligip\u00e4\u00e4semisel ja eluruumis liikumisel, kavandasime n\u00fc\u00fcd eelarvesse platvormt\u00f5stuki paigaldamiseks eraldi h\u00fcvitise kuni 6400 eurot,\u201c selgitas Solman.<\/p>\n<p class=\"western\">S\u00fcnnitoetuse, puudega lapse toetuse ja pensionilisa uued m\u00e4\u00e4rad rakenduvad tagasiulatuvalt inimesele, kellel tekkis toetuse saamise \u00f5igus 1. jaanuaril 2026 v\u00f5i hiljem. Puuduvad summad kaetakse lisamaksega ja t\u00e4iendavat taotlust selleks esitama ei pea.<\/p>\n","protected":false},"excerpt":{"rendered":"Toetused hakkasid kehtima alates t\u00e4navu aasta 1. jaanuarist ja uus eluruumi kohandamise kulu h\u00fcvitise m\u00e4\u00e4r eraldi platvormt\u00f5stukile m\u00e4\u00e4ruse&hellip;\n","protected":false},"author":2,"featured_media":105108,"comment_status":"","ping_status":"","sticky":false,"template":"","format":"standard","meta":{"footnotes":"","_share_on_mastodon":"0"},"categories":[12],"tags":[26,27,37,33,35,50313,34,36,31,32,21,28,29,19,50315,50312,25,50314,13592,25441,20407,3103,23,24,22,20,30],"class_list":["post-105107","post","type-post","status-publish","format-standard","has-post-thumbnail","category-eesti","tag-breaking-news","tag-breakingnews","tag-ee","tag-eesti","tag-eesti-keel","tag-eluruumi-kohandamine","tag-estonia","tag-estonian","tag-featured-news","tag-featurednews","tag-headlines","tag-latest-news","tag-latestnews","tag-news","tag-pensionilisa","tag-platvormtostuk","tag-populaarseimad-lood","tag-puudega-lapse-toetus","tag-riina-solman","tag-sunnitoetus","tag-tallinna","tag-toetused","tag-top-stories","tag-topstories","tag-uldised-uudised","tag-uudised","tag-viimased-uudised"],"share_on_mastodon":{"url":"https:\/\/pubeurope.com\/@ee\/116046901067784240","error":""},"_links":{"self":[{"href":"https:\/\/www.europesays.com\/ee\/wp-json\/wp\/v2\/posts\/105107","targetHints":{"allow":["GET"]}}],"collection":[{"href":"https:\/\/www.europesays.com\/ee\/wp-json\/wp\/v2\/posts"}],"about":[{"href":"https:\/\/www.europesays.com\/ee\/wp-json\/wp\/v2\/types\/post"}],"author":[{"embeddable":true,"href":"https:\/\/www.europesays.com\/ee\/wp-json\/wp\/v2\/users\/2"}],"replies":[{"embeddable":true,"href":"https:\/\/www.europesays.com\/ee\/wp-json\/wp\/v2\/comments?post=105107"}],"version-history":[{"count":0,"href":"https:\/\/www.europesays.com\/ee\/wp-json\/wp\/v2\/posts\/105107\/revisions"}],"wp:featuredmedia":[{"embeddable":true,"href":"https:\/\/www.europesays.com\/ee\/wp-json\/wp\/v2\/media\/105108"}],"wp:attachment":[{"href":"https:\/\/www.europesays.com\/ee\/wp-json\/wp\/v2\/media?parent=105107"}],"wp:term":[{"taxonomy":"category","embeddable":true,"href":"https:\/\/www.europesays.com\/ee\/wp-json\/wp\/v2\/categories?post=105107"},{"taxonomy":"post_tag","embeddable":true,"href":"https:\/\/www.europesays.com\/ee\/wp-json\/wp\/v2\/tags?post=105107"}],"curies":[{"name":"wp","href":"https:\/\/api.w.org\/{rel}","templated":true}]}}