{"id":105115,"date":"2026-02-10T15:01:06","date_gmt":"2026-02-10T15:01:06","guid":{"rendered":"https:\/\/www.europesays.com\/ee\/105115\/"},"modified":"2026-02-10T15:01:06","modified_gmt":"2026-02-10T15:01:06","slug":"indoneesia-on-valmis-gazasse-saatma-8000-sodurit","status":"publish","type":"post","link":"https:\/\/www.europesays.com\/ee\/105115\/","title":{"rendered":"Indoneesia on valmis Gazasse saatma 8000 s\u00f5durit"},"content":{"rendered":"<p class=\"p1\">Indoneesia armee staabi\u00fclem kindral Maruli Simanjuntak \u00fctles eile, et Indoneesia on juba alustanud s\u00f5durite v\u00e4lja\u00f5petamist Gazasse ja teistesse konfliktitsoonidesse l\u00e4hetamiseks. Ta lisas, et nende s\u00f5durid keskenduvad inseneri- ja meditsiinioperatsioonidele.<\/p>\n<p class=\"p1\"><a rel=\"noopener nofollow\" target=\"_blank\" href=\"https:\/\/www.delfi.ee\/teema\/23674619\/iisrael\" tag-id=\"23674619\">Iisraeli<\/a> ajalehe <a rel=\"noopener nofollow\" target=\"_blank\" href=\"https:\/\/www.haaretz.com\/world-news\/asia-and-australia\/2026-02-10\/ty-article\/report-indonesia-preparing-to-deploy-up-to-8-000-soldiers-to-gaza\/0000019c-469f-d370-a9de-e7ff6c250000\" data-rel-date-range=\"[]\">Haaretzi<\/a> allikate hinnangul v\u00f5ib see olla pigem Indoneesia s\u00fcmboolne \u017eest enne eelseisvat Trumpi <a rel=\"noopener nofollow\" target=\"_blank\" href=\"https:\/\/www.delfi.ee\/teema\/96882523\/rahunoukogu\" tag-id=\"96882523\">rahun\u00f5ukogu<\/a> kohtumist, mitte kindel lubadus. Indoneesia oleks esimene riik, kes on avalikult teatud oma v\u00e4gede osalemisest rahvusvaheliste stabiliseerimisj\u00f5udude koosseisus. <\/p>\n<p class=\"p1\">Trumpi 20-punktiline plaan Gaza s\u00f5ja l\u00f5petamiseks, mis on n\u00fc\u00fcd j\u00f5udnud teise etappi, n\u00f5uab rahvusvaheliste j\u00f5udude loomist Gaza piiride valvamiseks, Hamasi desarmeerimise kontrollimiseks ning humanitaarkoridoride, abioperatsioonide ja Gaza elanike turvalisuse tagamiseks. <\/p>\n<p class=\"p1\">Iisraeli kaitsev\u00e4e teatel viis Iisrael Gaza sektoris viimase p\u00e4eva jooksul l\u00e4bi \u00f5hur\u00fcnnakuid p\u00e4rast seda, kui Hamasi v\u00f5itlejad tulistasid Iisraeli v\u00e4gede pihta Rafahi idaosas asuvast tunnelist. <\/p>\n<p class=\"p1\">Gaza tervishoiuministeerium teatas, et viimase 24 tunni jooksul on r\u00fcnnakutes hukkunud viis inimest.<\/p>\n<p>Kuidas see lugu Sind end tundma pani? Saada <a href=\"https:\/\/www.delfi.ee\/artikkel\/120435316\/indoneesia-on-valmis-gazasse-saatma-8000-sodurit\/kommentaarid\" class=\"article-body-bottom__comment article-body-bottom__comment--write button button--primary button--size-auto\" rel=\"nofollow noopener\" target=\"_blank\"> Kommenteeri <\/a><a href=\"https:\/\/www.delfi.ee\/artikkel\/120435316\/indoneesia-on-valmis-gazasse-saatma-8000-sodurit\/kommentaarid\" class=\"article-body-bottom__comment article-body-bottom__comment--read button button--size-auto\" rel=\"nofollow noopener\" target=\"_blank\"> Loe kommentaare (1)<\/a><\/p>\n","protected":false},"excerpt":{"rendered":"Indoneesia armee staabi\u00fclem kindral Maruli Simanjuntak \u00fctles eile, et Indoneesia on juba alustanud s\u00f5durite v\u00e4lja\u00f5petamist Gazasse ja teistesse&hellip;\n","protected":false},"author":2,"featured_media":105116,"comment_status":"","ping_status":"","sticky":false,"template":"","format":"standard","meta":{"footnotes":"","_share_on_mastodon":"0"},"categories":[80],"tags":[26,27,324,37,33,35,34,36,31,32,620,8562,2103,21,619,1590,28,29,95,19,25,22349,23,24,22,20,30,92,93,94],"class_list":["post-105115","post","type-post","status-publish","format-standard","has-post-thumbnail","category-maailm","tag-breaking-news","tag-breakingnews","tag-donald-trump","tag-ee","tag-eesti","tag-eesti-keel","tag-estonia","tag-estonian","tag-featured-news","tag-featurednews","tag-gaza","tag-gaza-rahuplaan","tag-gaza-soda","tag-headlines","tag-iisrael","tag-iisrael-palestiina","tag-latest-news","tag-latestnews","tag-maailm","tag-news","tag-populaarseimad-lood","tag-rahunoukogu","tag-top-stories","tag-topstories","tag-uldised-uudised","tag-uudised","tag-viimased-uudised","tag-world","tag-world-news","tag-worldnews"],"share_on_mastodon":{"url":"https:\/\/pubeurope.com\/@ee\/116046940350380741","error":""},"_links":{"self":[{"href":"https:\/\/www.europesays.com\/ee\/wp-json\/wp\/v2\/posts\/105115","targetHints":{"allow":["GET"]}}],"collection":[{"href":"https:\/\/www.europesays.com\/ee\/wp-json\/wp\/v2\/posts"}],"about":[{"href":"https:\/\/www.europesays.com\/ee\/wp-json\/wp\/v2\/types\/post"}],"author":[{"embeddable":true,"href":"https:\/\/www.europesays.com\/ee\/wp-json\/wp\/v2\/users\/2"}],"replies":[{"embeddable":true,"href":"https:\/\/www.europesays.com\/ee\/wp-json\/wp\/v2\/comments?post=105115"}],"version-history":[{"count":0,"href":"https:\/\/www.europesays.com\/ee\/wp-json\/wp\/v2\/posts\/105115\/revisions"}],"wp:featuredmedia":[{"embeddable":true,"href":"https:\/\/www.europesays.com\/ee\/wp-json\/wp\/v2\/media\/105116"}],"wp:attachment":[{"href":"https:\/\/www.europesays.com\/ee\/wp-json\/wp\/v2\/media?parent=105115"}],"wp:term":[{"taxonomy":"category","embeddable":true,"href":"https:\/\/www.europesays.com\/ee\/wp-json\/wp\/v2\/categories?post=105115"},{"taxonomy":"post_tag","embeddable":true,"href":"https:\/\/www.europesays.com\/ee\/wp-json\/wp\/v2\/tags?post=105115"}],"curies":[{"name":"wp","href":"https:\/\/api.w.org\/{rel}","templated":true}]}}