{"id":105309,"date":"2026-02-10T20:18:07","date_gmt":"2026-02-10T20:18:07","guid":{"rendered":"https:\/\/www.europesays.com\/ee\/105309\/"},"modified":"2026-02-10T20:18:07","modified_gmt":"2026-02-10T20:18:07","slug":"olumpialt-eemaldatud-eesti-iluuisutreener-kaebas-otsuse-casi-postimees-sport","status":"publish","type":"post","link":"https:\/\/www.europesays.com\/ee\/105309\/","title":{"rendered":"Ol\u00fcmpialt eemaldatud Eesti iluuisutreener kaebas otsuse CASi &#8211; Postimees Sport"},"content":{"rendered":"<ol>\n<li><a href=\"https:\/\/news.google.com\/rss\/articles\/CBMimwFBVV95cUxNMlR3Q1E2dlhjLURfN1hIc1RPQVdWMm80c2dKYWJpWmlJSUUzZGwwbmxRU3JnTjBLRGF5OEFWbWw1cDlCWE5pQWZlZF9sSlBQWmU3QmpFb1VTUkZDWVhGamplMEpGRFZ2UkNfWjQybF9RemlWMUtyV3RBRkk2aE5XSzFBWUtsRmRZX3FCQlNXbFhmbnllQUh1bi1KTQ?oc=5\" target=\"_blank\" rel=\"nofollow noopener\">Ol\u00fcmpialt eemaldatud Eesti iluuisutreener kaebas otsuse CASi<\/a>&nbsp;&nbsp;Postimees Sport<\/li>\n<li><a href=\"https:\/\/news.google.com\/rss\/articles\/CBMi1gFBVV95cUxOWERNN29CZHU3XzktaktObUJrdXVyMzNremZkdElJN0FoOTdZVXpJNlVLZnhJdkJSanZfY0YweTUzMzZDSXN2eDYtWGRQOWhGNWNJUFRqUVQtSVhib0tLWVlWYmI1UWJBUmEydzExbUM0TzZPZkVFNFhVTlhFWFh4S1Z2bVBueDVJNUd5Z0Zsb3hDbk1QLVJLZFU0TUllVFZJVFBMYTN2UEI1akNMUWtCdTdMN0czZTZRRUt3eXlPcUFyNzN2OURHNGZRakpzQWZRZV9DeTVB?oc=5\" target=\"_blank\" rel=\"nofollow noopener\">\u00d5L OL\u00dcMPIAL | Elukaaslasega Milanot nautiv Selevko: p\u00fc\u00fcan end treeningutel mitte \u00e4ra tappa nagu Pekingis<\/a>&nbsp;&nbsp;\u00d5htuleht<\/li>\n<li><a href=\"https:\/\/news.google.com\/rss\/articles\/CBMi1wFBVV95cUxPTXJDVVB5RzQ3TUdkRWxLR3RjS0s5Y3Q4cmRhVGtxLVdfR2NCU2lBME41dUNrY3Z1TXJWSmRmN3VGOVBnVllJLVJiYy1jQWV5M1ZBR3NaaHJYMG90V2dQWFlRdWpvdExXUW5Wam40TFRNa29OV3VSZ2wtZVMybzVZVWI0bXc4el9kTjFWLWY0Q1hzU09YNHdQVUR4dTd5b0VqRV9Tcm8yMGFwV3RsaWZzR1BoOTJnanpXUjlNbjJnNFAzSU9GVnZ4R2k1R3dMZWVEOTRZRWRQZw?oc=5\" target=\"_blank\" rel=\"nofollow noopener\">DELFI OL\u00dcMPIAL | Aleksandr Selevko: on v\u00e4ga eriline, et saan seda kogemust jagada sportlasest elukaaslasega<\/a>&nbsp;&nbsp;Delfi Sport<\/li>\n<li><a href=\"https:\/\/news.google.com\/rss\/articles\/CBMiqgFBVV95cUxObGpHU01PT0NUQUtLa3BvZHgwXzZVT2R1OHpFNnVEb3psZWMzNjBKWTVVTlB1NmdhWjlPYWtnQlNGMGROQ0R5Zno3bEg3UFlTbTJ0VWFTZEttUUY4QmFDMl85azNoTlB1R3daaEdsTGRuREZXX3l1aHpkejJnck0wcjNBdnVmWHNmak9fdUFVMzdwbUJGejFSYWhiUnlPZ0lqaUwtQk1wUmxEdw?oc=5\" target=\"_blank\" rel=\"nofollow noopener\">USA uisukoondis on Selevko tiiva alla v\u00f5tnud: ta k\u00e4ib igal pool koos meiega<\/a>&nbsp;&nbsp;sport | ERR<\/li>\n<li><a href=\"https:\/\/news.google.com\/rss\/articles\/CBMipAFBVV95cUxNU28tZWQ0X1NFZmQyc1JNWWNwRm8xZVNRRnZjNk9WcjNSRkxPTEZIU0hJdElSeGo3ekxYVW5EZWxzVUYxLWtEUlg2b0gwVlVzeWNMYUxsSFBzeExjeXVQZ2EzWHRkUGRGakJXTHRqbHpocDVaaUhPQjNHYXRmcmhCVHl3WmJhSzRNWmthbnUyUGVXVEwzS09pVGE3ZkUyR1hKbkEweg?oc=5\" target=\"_blank\" rel=\"nofollow noopener\">Dopinguproovi andnud Selevkol j\u00e4i loosimine vahele: ma olen heas vormis<\/a>&nbsp;&nbsp;sport | ERR<\/li>\n<\/ol>\n","protected":false},"excerpt":{"rendered":"Ol\u00fcmpialt eemaldatud Eesti iluuisutreener kaebas otsuse CASi&nbsp;&nbsp;Postimees Sport \u00d5L OL\u00dcMPIAL | Elukaaslasega Milanot nautiv Selevko: p\u00fc\u00fcan end treeningutel&hellip;\n","protected":false},"author":2,"featured_media":105310,"comment_status":"","ping_status":"","sticky":false,"template":"","format":"standard","meta":{"footnotes":"","_share_on_mastodon":"0"},"categories":[18],"tags":[17126,37,33,35,34,36,4828,15524,4319,43212,45238,159,158],"class_list":["post-105309","post","type-post","status-publish","format-standard","has-post-thumbnail","category-sport","tag-cas","tag-ee","tag-eesti","tag-eesti-keel","tag-estonia","tag-estonian","tag-iluuisutamine","tag-isu","tag-milano-cortina-olumpia","tag-olumpia-2026","tag-raimo-reinsalu","tag-sport","tag-sports"],"share_on_mastodon":{"url":"https:\/\/pubeurope.com\/@ee\/116048186855881927","error":""},"_links":{"self":[{"href":"https:\/\/www.europesays.com\/ee\/wp-json\/wp\/v2\/posts\/105309","targetHints":{"allow":["GET"]}}],"collection":[{"href":"https:\/\/www.europesays.com\/ee\/wp-json\/wp\/v2\/posts"}],"about":[{"href":"https:\/\/www.europesays.com\/ee\/wp-json\/wp\/v2\/types\/post"}],"author":[{"embeddable":true,"href":"https:\/\/www.europesays.com\/ee\/wp-json\/wp\/v2\/users\/2"}],"replies":[{"embeddable":true,"href":"https:\/\/www.europesays.com\/ee\/wp-json\/wp\/v2\/comments?post=105309"}],"version-history":[{"count":0,"href":"https:\/\/www.europesays.com\/ee\/wp-json\/wp\/v2\/posts\/105309\/revisions"}],"wp:featuredmedia":[{"embeddable":true,"href":"https:\/\/www.europesays.com\/ee\/wp-json\/wp\/v2\/media\/105310"}],"wp:attachment":[{"href":"https:\/\/www.europesays.com\/ee\/wp-json\/wp\/v2\/media?parent=105309"}],"wp:term":[{"taxonomy":"category","embeddable":true,"href":"https:\/\/www.europesays.com\/ee\/wp-json\/wp\/v2\/categories?post=105309"},{"taxonomy":"post_tag","embeddable":true,"href":"https:\/\/www.europesays.com\/ee\/wp-json\/wp\/v2\/tags?post=105309"}],"curies":[{"name":"wp","href":"https:\/\/api.w.org\/{rel}","templated":true}]}}