{"id":105574,"date":"2026-02-11T09:12:16","date_gmt":"2026-02-11T09:12:16","guid":{"rendered":"https:\/\/www.europesays.com\/ee\/105574\/"},"modified":"2026-02-11T09:12:16","modified_gmt":"2026-02-11T09:12:16","slug":"margus-laidre-koielkond-homsesse-eesti-saab-kindlustada-oma-iseolemist-labi-uue-pohjala-postimees","status":"publish","type":"post","link":"https:\/\/www.europesays.com\/ee\/105574\/","title":{"rendered":"MARGUS LAIDRE K\u00f6ielk\u00f5nd homsesse: Eesti saab kindlustada oma iseolemist l\u00e4bi Uue P\u00f5hjala &#8211; Postimees"},"content":{"rendered":"<ol>\n<li><a href=\"https:\/\/news.google.com\/rss\/articles\/CBMiwgFBVV95cUxQc1pmOHdNQTI4MEo2RXNsUEZqdDR6M3E5QkFjMEJuRld3TE1MZFNpVmFsN0hQOUZtOUVzdUp4U3lCdThZY1ljeE54bE1Ec0EtcWFoT0NlTFl0VU9xTzVBanFQTGxmdUF2UnlsNm5HYkpwMG1TVFRoNHpXYTZINC0yQ3Q0cEliV0dWVjlscksyR1ZYbUdueFQtZnJFUkZpZ1BJUjlpeG5qNEZwc0p1aU1xcExuZGJIV3dkX1d6S0p1VkpDZw?oc=5\" target=\"_blank\" rel=\"nofollow noopener\">MARGUS LAIDRE K\u00f6ielk\u00f5nd homsesse: Eesti saab kindlustada oma iseolemist l\u00e4bi Uue P\u00f5hjala<\/a>&nbsp;&nbsp;Postimees<\/li>\n<li><a href=\"https:\/\/news.google.com\/rss\/articles\/CBMikwFBVV95cUxPM1lyY3hKTDRlang0dFZxSHRWUE5vemZsY1czRk9nOVpRempQUHg1bEE1U0JOeW5hd3o4OU1GRkFwbEdoUEJIbjk3R3NxNjF0a01hZ2tNQ090ckJ4aXBXSnZ6VVhSdUNzTjdPWUxidXZ0c3VZV1lCcVFrMjdHMmR3b2JNY0N0YUF0N3ljNElrN004STA?oc=5\" target=\"_blank\" rel=\"nofollow noopener\">Postimees kuulutas aasta arvamus\u00adliidriks Meelis Oidsalu<\/a>&nbsp;&nbsp;Postimees<\/li>\n<li><a href=\"https:\/\/news.google.com\/rss\/articles\/CBMimgFBVV95cUxQRmtTSGJJUWR5UlJXaUpZUFh3X2R6U3EyTVBNQlBNUjR5RjlGVnlrZy0wT1d3QjRsbElBekVnRVllOU5JYmkxSWI4T2NINzg1azVzMFljR0FEWXVTYnMwTkhUanoxMGtCNmNqLVU2Ml9LMHVSNFMyeHZ3Um5OV2ZDcnlfY0N3VFp6ZmFkVEdLOW1WQVdKekIzWldB?oc=5\" target=\"_blank\" rel=\"nofollow noopener\">ARVAMUSLIIDRITE L\u00d5UNA \u27e9 Mida arvavad kuulajad ettekannetest?<\/a>&nbsp;&nbsp;Postimees<\/li>\n<li><a href=\"https:\/\/news.google.com\/rss\/articles\/CBMidEFVX3lxTE92TlJFaDEwTWdYNjNfNG5kWmo1SmpzRlZOTi1qTWpPdjJPU3BIMTdOSm1VMHJRbTJJSFVVYlZWeW5SbnpBRDAyNjlZbWxkVTFxU3UxWmdJblAyVnhremdOMkJsYktLcDlEUmpfM3NDdnBQVDJ2?oc=5\" target=\"_blank\" rel=\"nofollow noopener\">JUHTKIRI \u27e9 Vajame uusi eesm\u00e4rke<\/a>&nbsp;&nbsp;Postimees<\/li>\n<li><a href=\"https:\/\/news.google.com\/rss\/articles\/CBMingFBVV95cUxOamlnajVvQ2xDV0ZUekU3Z2xuUWFnenlETDFJWkFucUNHcXNQV25MREp6bVNRcXREbEU1MFdOSkt3NjRUck1YVHlGZmxPbXZFYXplcGthTDNtVU9ISENSMVR4alhOOGk3V1ZWRkVLdmdvTDQ2RDZreHZmYzA5ZmE4TFhIcFlNalM1STVxYjBobkc4cFFGS25BNnNUeDE2QQ?oc=5\" target=\"_blank\" rel=\"nofollow noopener\">TAAVI MADIBERK \u27e9 V\u00f5itjate riik: uus maailmakord ja Eesti diilid<\/a>&nbsp;&nbsp;Postimees<\/li>\n<\/ol>\n","protected":false},"excerpt":{"rendered":"MARGUS LAIDRE K\u00f6ielk\u00f5nd homsesse: Eesti saab kindlustada oma iseolemist l\u00e4bi Uue P\u00f5hjala&nbsp;&nbsp;Postimees Postimees kuulutas aasta arvamus\u00adliidriks Meelis Oidsalu&nbsp;&nbsp;Postimees&hellip;\n","protected":false},"author":2,"featured_media":105575,"comment_status":"","ping_status":"","sticky":false,"template":"","format":"standard","meta":{"footnotes":"","_share_on_mastodon":"0"},"categories":[5],"tags":[26,27,50510,324,37,33,35,34,36,31,32,50507,21,1176,28,29,50508,19,50512,25,50509,50511,23,24,22,20,30],"class_list":["post-105574","post","type-post","status-publish","format-standard","has-post-thumbnail","category-uldised-uudised","tag-breaking-news","tag-breakingnews","tag-daniel-patrick-moynihan","tag-donald-trump","tag-ee","tag-eesti","tag-eesti-keel","tag-estonia","tag-estonian","tag-featured-news","tag-featurednews","tag-george-orwell","tag-headlines","tag-joe-biden","tag-latest-news","tag-latestnews","tag-mao-zedong","tag-news","tag-oswald-spengler","tag-populaarseimad-lood","tag-samuel-huntington","tag-thomas-hardy","tag-top-stories","tag-topstories","tag-uldised-uudised","tag-uudised","tag-viimased-uudised"],"share_on_mastodon":{"url":"https:\/\/pubeurope.com\/@ee\/116051230156048323","error":""},"_links":{"self":[{"href":"https:\/\/www.europesays.com\/ee\/wp-json\/wp\/v2\/posts\/105574","targetHints":{"allow":["GET"]}}],"collection":[{"href":"https:\/\/www.europesays.com\/ee\/wp-json\/wp\/v2\/posts"}],"about":[{"href":"https:\/\/www.europesays.com\/ee\/wp-json\/wp\/v2\/types\/post"}],"author":[{"embeddable":true,"href":"https:\/\/www.europesays.com\/ee\/wp-json\/wp\/v2\/users\/2"}],"replies":[{"embeddable":true,"href":"https:\/\/www.europesays.com\/ee\/wp-json\/wp\/v2\/comments?post=105574"}],"version-history":[{"count":0,"href":"https:\/\/www.europesays.com\/ee\/wp-json\/wp\/v2\/posts\/105574\/revisions"}],"wp:featuredmedia":[{"embeddable":true,"href":"https:\/\/www.europesays.com\/ee\/wp-json\/wp\/v2\/media\/105575"}],"wp:attachment":[{"href":"https:\/\/www.europesays.com\/ee\/wp-json\/wp\/v2\/media?parent=105574"}],"wp:term":[{"taxonomy":"category","embeddable":true,"href":"https:\/\/www.europesays.com\/ee\/wp-json\/wp\/v2\/categories?post=105574"},{"taxonomy":"post_tag","embeddable":true,"href":"https:\/\/www.europesays.com\/ee\/wp-json\/wp\/v2\/tags?post=105574"}],"curies":[{"name":"wp","href":"https:\/\/api.w.org\/{rel}","templated":true}]}}