{"id":105590,"date":"2026-02-11T09:34:13","date_gmt":"2026-02-11T09:34:13","guid":{"rendered":"https:\/\/www.europesays.com\/ee\/105590\/"},"modified":"2026-02-11T09:34:13","modified_gmt":"2026-02-11T09:34:13","slug":"mina-joudsin-siia-aga-mind-naerualuseks-teinud-koondislased-mitte-olumpia-tekitab-venelastes-kadedust","status":"publish","type":"post","link":"https:\/\/www.europesays.com\/ee\/105590\/","title":{"rendered":"\u00abMina j\u00f5udsin siia, aga mind naerualuseks teinud koondislased mitte.\u00bb Ol\u00fcmpia tekitab venelastes kadedust"},"content":{"rendered":"<p>23-aastane suusa\u00e4ss on \u00fcks v\u00e4heseid venelasi ja ainus naissoost suusataja, kellel on lubatud ol\u00fcmpiam\u00e4ngudel v\u00f5istelda neutraalse lipu all.<\/p>\n<p>\u00abKui aus olla, siis paljud on kadedad. Kuigi k\u00f5ik naeratavad mulle ja on minuga s\u00f5bralikud, kui nad mind kohtavad,\u00bb kommenteeris ta kodumaa v\u00e4ljaandele T\u0161empionat.<\/p>\n<p>Venelanna s\u00f5nul ei kuulnud ta enne ol\u00fcmpiam\u00e4nge palju julgustavaid s\u00f5nu. \u00abJulia Stupak ja muidugi vanem \u00f5de Natalja \u2013 see on k\u00f5ik. Tavaliselt ergutavad mind rohkem mehed, ka v\u00e4ljaspool minu enda treeningr\u00fchma. Suusatamine on individuaalne sport ja ma ei oota julgustust,\u00bb m\u00e4rkis ta.<\/p>\n<p>Neprjajeva s\u00f5nul andis ta endast k\u00f5ik, et ol\u00fcmpiale p\u00e4\u00e4seda. Ettevalmistusega alustas ta varakult ning oli v\u00e4ga pettunud, kui ei p\u00e4\u00e4senud Ramsau MK-etapile. L\u00f5puks tema v\u00f5istlusluba siiski taastati ning n\u00fc\u00fcd on tal kaasmaalastele s\u00f5num.<\/p>\n<p>\u00abSa istud seal ja seletad, kuidas sa saaksid seda ja toda teha, kui sa oleks kaasatud. N\u00fc\u00fcd olen mina siin, aga mind naerualuseks teinud koondislased mitte,\u00bb nentis ta.<\/p>\n<p>Rahvusvaheline Ol\u00fcmpiakomitee leiab, et Neprjajeval puuduvad sidemed Venemaa re\u017eiimiga, mis alustas neli aastat tagasi t\u00e4iemahulise sissetungiga Ukrainasse.<\/p>\n<p>Aga mitmel Milano Cortina taliol\u00fcmpiam\u00e4ngudel neutraalsena v\u00f5istlema lubatud Vene sportlasel on BBC kogutud t\u00f5endite p\u00f5hjal seoseid Ukrainas toimuva s\u00f5ja toetamisega.<\/p>\n<p>\u00dcks neist on ka Neprjajeva, kes osales mitu kuud p\u00e4rast Venemaa t\u00e4iemahulise sissetungi algust Ukrainasse agressorriigi suusakoondise treeninglaagris Krimmis. Krimmi annekteeris Venemaa ebaseaduslikult 2014. aastal ja rahvusvaheliselt on see tunnustatud Ukraina osana. Laagrist on filmikaadrid ja neid n\u00e4idati riiklikus telekanalis.<\/p>\n","protected":false},"excerpt":{"rendered":"23-aastane suusa\u00e4ss on \u00fcks v\u00e4heseid venelasi ja ainus naissoost suusataja, kellel on lubatud ol\u00fcmpiam\u00e4ngudel v\u00f5istelda neutraalse lipu all.&hellip;\n","protected":false},"author":2,"featured_media":105591,"comment_status":"","ping_status":"","sticky":false,"template":"","format":"standard","meta":{"footnotes":"","_share_on_mastodon":"0"},"categories":[5],"tags":[26,27,33538,37,33,35,34,36,31,32,21,28,29,4319,19,43212,25,23,24,22,20,27805,13641,30],"class_list":["post-105590","post","type-post","status-publish","format-standard","has-post-thumbnail","category-uldised-uudised","tag-breaking-news","tag-breakingnews","tag-darja-neprjajeva","tag-ee","tag-eesti","tag-eesti-keel","tag-estonia","tag-estonian","tag-featured-news","tag-featurednews","tag-headlines","tag-latest-news","tag-latestnews","tag-milano-cortina-olumpia","tag-news","tag-olumpia-2026","tag-populaarseimad-lood","tag-top-stories","tag-topstories","tag-uldised-uudised","tag-uudised","tag-venemaa-oht","tag-venemaa-rundab-ukrainat","tag-viimased-uudised"],"share_on_mastodon":{"url":"https:\/\/pubeurope.com\/@ee\/116051316778267168","error":""},"_links":{"self":[{"href":"https:\/\/www.europesays.com\/ee\/wp-json\/wp\/v2\/posts\/105590","targetHints":{"allow":["GET"]}}],"collection":[{"href":"https:\/\/www.europesays.com\/ee\/wp-json\/wp\/v2\/posts"}],"about":[{"href":"https:\/\/www.europesays.com\/ee\/wp-json\/wp\/v2\/types\/post"}],"author":[{"embeddable":true,"href":"https:\/\/www.europesays.com\/ee\/wp-json\/wp\/v2\/users\/2"}],"replies":[{"embeddable":true,"href":"https:\/\/www.europesays.com\/ee\/wp-json\/wp\/v2\/comments?post=105590"}],"version-history":[{"count":0,"href":"https:\/\/www.europesays.com\/ee\/wp-json\/wp\/v2\/posts\/105590\/revisions"}],"wp:featuredmedia":[{"embeddable":true,"href":"https:\/\/www.europesays.com\/ee\/wp-json\/wp\/v2\/media\/105591"}],"wp:attachment":[{"href":"https:\/\/www.europesays.com\/ee\/wp-json\/wp\/v2\/media?parent=105590"}],"wp:term":[{"taxonomy":"category","embeddable":true,"href":"https:\/\/www.europesays.com\/ee\/wp-json\/wp\/v2\/categories?post=105590"},{"taxonomy":"post_tag","embeddable":true,"href":"https:\/\/www.europesays.com\/ee\/wp-json\/wp\/v2\/tags?post=105590"}],"curies":[{"name":"wp","href":"https:\/\/api.w.org\/{rel}","templated":true}]}}