{"id":105634,"date":"2026-02-11T10:25:08","date_gmt":"2026-02-11T10:25:08","guid":{"rendered":"https:\/\/www.europesays.com\/ee\/105634\/"},"modified":"2026-02-11T10:25:08","modified_gmt":"2026-02-11T10:25:08","slug":"olumpiastaadionil-120-minutit-pidu-lubanud-tuli-kustus-viimasel-meetril-soccernet-ee","status":"publish","type":"post","link":"https:\/\/www.europesays.com\/ee\/105634\/","title":{"rendered":"Ol\u00fcmpiastaadionil 120 minutit pidu lubanud tuli kustus viimasel meetril &#8211; Soccernet.ee"},"content":{"rendered":"<p><img decoding=\"async\" src=\"https:\/\/www.europesays.com\/ee\/wp-content\/uploads\/2026\/02\/1770762739.jpg\" alt=\"Penaltidraama viis Freiburgi nelja parema sekka. Foto: Scanpix \/ John Macdougall \/ AFP\"\/>&#13;\n<\/p>\n<p>Saksamaa karikav\u00f5istluste kolmas poolfinalist on nelja aasta tagune finalist Freiburg, kes alistas 1:1 l\u00f5ppenud lisaaja j\u00e4rel penaltiseeria abil s\u00fcdi vastupanu osutanud esiliigaklubi Berliini Hertha.<\/p>\n<p>Hertha \u00e4\u00e4rer\u00fcndaja Fabian Reese sai juba 7. minutil palli k\u00fclaliste v\u00f5rku, ent VAR fikseeris suluseisu. Seej\u00e4rel otsis Freiburg v\u00e4ravat ja Hertha seisis visalt kaitses, mis t\u00e4hendas l\u00f5ppkokkuv\u00f5ttes, et 90 minutit lahendust ei toonud. Lisaajast oli aga kulunud k\u00f5igest viis minutit, kui Freiburgi f\u00e4nnid said trib\u00fc\u00fcnil p\u00fcrotehnika valla p\u00e4\u00e4sta &#8211; v\u00f5\u00f5rustajate \u00e4\u00e4rekaitsja Linus Gechter kinkis palli Yuito Suzukile ning jaapanlane veeretas selle v\u00f5rku.&#13;\n<\/p>\n<p>Lisaaja esimene poolaeg \u00e4hvardas kohe-kohe l\u00f5ppema hakata, kui ootamatult s\u00e4hvatas taas Reese. Hertha esir\u00fcndaja kaugl\u00f6\u00f6k lendas otse ristnurka ja tablool oli taas viik &#8211; 1:1. Nii pidid poolfinalisti selgitama ikkagi penaltid. Seal eksis esimesena Hertha kolmas l\u00f6\u00f6ja Mickael Cuisance, ent kohe suutis Tjark Ernst t\u00f5rjuda ka Johan Manzambi l\u00f6\u00f6gi. Nii j\u00f5uti viigiseisult kuuenda paarini, siis sai Freiburgi postide vahel seisnud Florian M\u00fcller sai k\u00e4ed ette Hertha 20-aastane keskkaitsja Pascal Clemensi l\u00f6\u00f6gile ja viis omad nelja sekka.&#13;\n<\/p>\n<p>Viimane poolfinalist selgub kolmap\u00e4eva \u00f5htul, kui M\u00fcncheni Bayern v\u00f5\u00f5rustab RB Leipzigi. Nelja hulka on p\u00e4\u00e4su juba kindlustanud Leverkuseni Bayer, kes alistas veerandfinaalis Karol Metsa t\u00f6\u00f6andja St. Pauli, ning karikakaitsja Stuttgart. Poolfinaalpaarid ootavad veel loosimist, m\u00e4ngud peetakse 21. ja 22. aprillil. T\u00e4navune Saksamaa karikav\u00f5itja selgub 23. mail.<\/p>\n<p>Berliini Hertha &#8211; Freiburg 1:1 (0:0, 0:0, 1:1), penaltitega v\u00f5itis Freiburg 4:5<br \/>&#13;<br \/>\n104. Fabian Reese &#8211; 96. Yuito Suzuki                         <\/p>\n","protected":false},"excerpt":{"rendered":"&#13; Saksamaa karikav\u00f5istluste kolmas poolfinalist on nelja aasta tagune finalist Freiburg, kes alistas 1:1 l\u00f5ppenud lisaaja j\u00e4rel penaltiseeria&hellip;\n","protected":false},"author":2,"featured_media":105635,"comment_status":"","ping_status":"","sticky":false,"template":"","format":"standard","meta":{"footnotes":"","_share_on_mastodon":"0"},"categories":[18],"tags":[50536,50537,16304,37,33,35,50538,34,36,528,14768,50539,50540,50541,51,159,158,50542],"class_list":["post-105634","post","type-post","status-publish","format-standard","has-post-thumbnail","category-sport","tag-clemens","tag-cuisance","tag-dfb-pokal","tag-ee","tag-eesti","tag-eesti-keel","tag-ernst","tag-estonia","tag-estonian","tag-freiburg","tag-hertha","tag-manzambi","tag-muller","tag-reese","tag-saksamaa","tag-sport","tag-sports","tag-suzuki"],"share_on_mastodon":{"url":"https:\/\/pubeurope.com\/@ee\/116051517393102157","error":""},"_links":{"self":[{"href":"https:\/\/www.europesays.com\/ee\/wp-json\/wp\/v2\/posts\/105634","targetHints":{"allow":["GET"]}}],"collection":[{"href":"https:\/\/www.europesays.com\/ee\/wp-json\/wp\/v2\/posts"}],"about":[{"href":"https:\/\/www.europesays.com\/ee\/wp-json\/wp\/v2\/types\/post"}],"author":[{"embeddable":true,"href":"https:\/\/www.europesays.com\/ee\/wp-json\/wp\/v2\/users\/2"}],"replies":[{"embeddable":true,"href":"https:\/\/www.europesays.com\/ee\/wp-json\/wp\/v2\/comments?post=105634"}],"version-history":[{"count":0,"href":"https:\/\/www.europesays.com\/ee\/wp-json\/wp\/v2\/posts\/105634\/revisions"}],"wp:featuredmedia":[{"embeddable":true,"href":"https:\/\/www.europesays.com\/ee\/wp-json\/wp\/v2\/media\/105635"}],"wp:attachment":[{"href":"https:\/\/www.europesays.com\/ee\/wp-json\/wp\/v2\/media?parent=105634"}],"wp:term":[{"taxonomy":"category","embeddable":true,"href":"https:\/\/www.europesays.com\/ee\/wp-json\/wp\/v2\/categories?post=105634"},{"taxonomy":"post_tag","embeddable":true,"href":"https:\/\/www.europesays.com\/ee\/wp-json\/wp\/v2\/tags?post=105634"}],"curies":[{"name":"wp","href":"https:\/\/api.w.org\/{rel}","templated":true}]}}