{"id":105684,"date":"2026-02-11T11:32:21","date_gmt":"2026-02-11T11:32:21","guid":{"rendered":"https:\/\/www.europesays.com\/ee\/105684\/"},"modified":"2026-02-11T11:32:21","modified_gmt":"2026-02-11T11:32:21","slug":"threod-systems-solmis-saudi-araabia-ettevottega-vastastikuse-moistmise-memorandumi","status":"publish","type":"post","link":"https:\/\/www.europesays.com\/ee\/105684\/","title":{"rendered":"Threod Systems s\u00f5lmis Saudi Araabia ettev\u00f5ttega vastastikuse m\u00f5istmise memorandumi"},"content":{"rendered":"<p>Memorandum kinnitab poolte kavatsust teha koost\u00f6\u00f6d k\u00f5rgtehnoloogiliste mehitamata \u00f5hus\u00f5idukis\u00fcsteemide (UAS) lahenduste pakkumisel nii tsiviil- kui ka s\u00f5jalisteks rakendusteks Saudi Araabia Kuningriigis ning arendada \u00fchiselt t\u00e4iustatud tehnoloogilisi lahendusi, mis toetavad kuningriigi kaitsev\u00f5imekuse vajadusi.<\/p>\n<p>Lepingu raames uurivad pooled v\u00f5imalusi Threod Systemsi Eos C VTOL UAS-i integreerimiseks First Shieldi poolt tarnitava tervikliku seires\u00fcsteemi \u00fche olulise osana. Lisaks anal\u00fc\u00fcsivad pooled v\u00f5imalusi teiste Threod Systemsi toodete, sealhulgas mehitamata \u00f5huplatvormide stardis\u00fcsteemide (Cata) integreerimiseks Saudi Araabia kaitsej\u00f5ududele pakutava teenuse osana ning Threod Systemsi toodete tootmise osaliseks v\u00f5i t\u00e4ielikuks lokaliseerimiseks Saudi Araabia Kuningriigis.<\/p>\n<p>First Shieldi tegevjuht Colin Harper m\u00e4rkis, et tegemist on \u00fche olulisema World Defense Show\u2019l sel aastal s\u00f5lmitud memorandumiga. \u201eFirst Shieldist on saanud \u00fcks kuningriigi tunnustatumaid teenusepakkujaid, kes toetab kaitsej\u00f5ude testimise ja hindamise tegevustes, aidates kaasa kuningriigi eesm\u00e4rgile hankida 50 protsenti oma s\u00f5jalisest tarneahelast riigisiseselt. M\u00f5istame, et selle eesm\u00e4rgi saavutamiseks tuleb teatud k\u00f5rgtehnoloogilised lahendused praegu veel hankida v\u00e4ljastpoolt Saudi Araabiat, nagu n\u00e4iteks Threod Systemsi arendatud silmapaistev Eos VTOL mehitamata luurelennuk,\u201c lisas Harper.<\/p>\n<p>Threod Systemsi tegevjuht Arno Vaik kommenteeris, et koost\u00f6\u00f6 First Shieldiga algas juba paar aastat tagasi ning v\u00e4ljendas heameelt selle olulise verstaposti saavutamise \u00fcle, mille kaudu aitab partnerlus tugevdada Kuningriigi julgeoleku- ja kaitsev\u00f5imekust.<\/p>\n<p>\u201e\u00d5igete partnerite leidmine on alati v\u00f5tmet\u00e4htsusega ning mul on hea meel see koost\u00f6\u00f6suhe k\u00e4esoleva kokkuleppega ametlikult vormistada. Olen kindel, et meid ootab ees v\u00e4ga perspektiivikas \u00fchine arengutee,\u201c \u00fctles Vaik enne memorandumi allkirjastamist.<\/p>\n<p>Threod Systems on spetsialiseerunud mehitamata \u00f5hus\u00f5idukis\u00fcsteemide (UAS), elektro-optiliste luure-, seire- ja sihtm\u00e4rgi m\u00e4\u00e4ramise lahenduste ning siht- ja strateegiliste r\u00fcndedroonide stardis\u00fcsteemide arendamisele ja tootmisele. First Shield tegutseb inseneri- ja tehnoloogiaettev\u00f5ttena, teenindades peamiselt Saudi Araabia Kuningriigi kaitse- ja julgeolekusektorit.<\/p>\n<p>\u00dcleeile teatas teine Eesti kaitset\u00f6\u00f6stuse tegija DefSecIntel, et ka nemad on kirjutanud alla oma esimesele koost\u00f6\u00f6lepingule P\u00e4rsia lahe riigiga. Loe <a rel=\"noopener follow nofollow\" target=\"_blank\" href=\"https:\/\/arileht.delfi.ee\/artikkel\/120434971\/eesti-kaitsetoostuse-uks-vagevamaid-tegijaid-solmis-olulise-lepingu-parsia-lahe-piirkonnas.\" data-rel-date-range=\"[]\">siit<\/a>.<\/p>\n<p>Kuidas see lugu Sind end tundma pani? Saada <a href=\"https:\/\/arileht.delfi.ee\/artikkel\/120435380\/threod-systems-solmis-saudi-araabia-ettevottega-vastastikuse-moistmise-memorandumi\/kommentaarid\" class=\"article-body-bottom__comment article-body-bottom__comment--write button button--primary button--size-auto\" rel=\"nofollow noopener\" target=\"_blank\"> Kommenteeri <\/a><a href=\"https:\/\/arileht.delfi.ee\/artikkel\/120435380\/threod-systems-solmis-saudi-araabia-ettevottega-vastastikuse-moistmise-memorandumi\/kommentaarid\" class=\"article-body-bottom__comment article-body-bottom__comment--read button button--size-auto\" rel=\"nofollow noopener\" target=\"_blank\"> Loe kommentaare (3)<\/a><\/p>\n","protected":false},"excerpt":{"rendered":"Memorandum kinnitab poolte kavatsust teha koost\u00f6\u00f6d k\u00f5rgtehnoloogiliste mehitamata \u00f5hus\u00f5idukis\u00fcsteemide (UAS) lahenduste pakkumisel nii tsiviil- kui ka s\u00f5jalisteks rakendusteks&hellip;\n","protected":false},"author":2,"featured_media":105685,"comment_status":"","ping_status":"","sticky":false,"template":"","format":"standard","meta":{"footnotes":"","_share_on_mastodon":"0"},"categories":[14],"tags":[131,130,37,33,35,34,36,9441],"class_list":["post-105684","post","type-post","status-publish","format-standard","has-post-thumbnail","category-ari","tag-ari","tag-business","tag-ee","tag-eesti","tag-eesti-keel","tag-estonia","tag-estonian","tag-threod-systems"],"share_on_mastodon":{"url":"https:\/\/pubeurope.com\/@ee\/116051780700649374","error":""},"_links":{"self":[{"href":"https:\/\/www.europesays.com\/ee\/wp-json\/wp\/v2\/posts\/105684","targetHints":{"allow":["GET"]}}],"collection":[{"href":"https:\/\/www.europesays.com\/ee\/wp-json\/wp\/v2\/posts"}],"about":[{"href":"https:\/\/www.europesays.com\/ee\/wp-json\/wp\/v2\/types\/post"}],"author":[{"embeddable":true,"href":"https:\/\/www.europesays.com\/ee\/wp-json\/wp\/v2\/users\/2"}],"replies":[{"embeddable":true,"href":"https:\/\/www.europesays.com\/ee\/wp-json\/wp\/v2\/comments?post=105684"}],"version-history":[{"count":0,"href":"https:\/\/www.europesays.com\/ee\/wp-json\/wp\/v2\/posts\/105684\/revisions"}],"wp:featuredmedia":[{"embeddable":true,"href":"https:\/\/www.europesays.com\/ee\/wp-json\/wp\/v2\/media\/105685"}],"wp:attachment":[{"href":"https:\/\/www.europesays.com\/ee\/wp-json\/wp\/v2\/media?parent=105684"}],"wp:term":[{"taxonomy":"category","embeddable":true,"href":"https:\/\/www.europesays.com\/ee\/wp-json\/wp\/v2\/categories?post=105684"},{"taxonomy":"post_tag","embeddable":true,"href":"https:\/\/www.europesays.com\/ee\/wp-json\/wp\/v2\/tags?post=105684"}],"curies":[{"name":"wp","href":"https:\/\/api.w.org\/{rel}","templated":true}]}}