{"id":105758,"date":"2026-02-11T13:21:10","date_gmt":"2026-02-11T13:21:10","guid":{"rendered":"https:\/\/www.europesays.com\/ee\/105758\/"},"modified":"2026-02-11T13:21:10","modified_gmt":"2026-02-11T13:21:10","slug":"hommikuks-oled-vallandatud-onnetus-seisus-tottenham-andis-frankile-koigest-kaheksa-kuu-jarel-kinga-soccernet-ee","status":"publish","type":"post","link":"https:\/\/www.europesays.com\/ee\/105758\/","title":{"rendered":"&#8220;Hommikuks oled vallandatud!&#8221; \u00d5nnetus seisus Tottenham andis Frankile k\u00f5igest kaheksa kuu j\u00e4rel kinga &#8211; Soccernet.ee"},"content":{"rendered":"<p><img decoding=\"async\" src=\"https:\/\/www.europesays.com\/ee\/wp-content\/uploads\/2026\/02\/1770805797.jpg\" alt=\"Tottenham j\u00e4ttis Thomas Frankiga h\u00fcvasti. Foto: Scanpix \/ Alfie Cosgrove \/ IMAGO \/ News Images\"\/>&#13;\n<\/p>\n<p>Inglismaa k\u00f5rgliiga 16. tabelireal pesitsev Tottenham Hotspur teatas, et peatreener Thomas Frank vallandati 1:2 kaotuse j\u00e4rel Newcastle Unitedile.\u00a0<\/p>\n<p>Tottenham on omadega t\u00e4ielikult mudas. P\u00f5hja-Londoni klubi on Premier League&#8217;i 16. real ning v\u00e4ljalangemistsoonist lahutab neid k\u00f5igest viis silma. Viimase 17 m\u00e4ngu jooksul on suudetud v\u00f5ita vaid kaks kohtumist ning \u00fchtekokku on selle aja jooksul kogutud 12 silma. Lisaks on viimase kaheksa m\u00e4ngu j\u00e4\u00e4dud v\u00f5iduta, mis on klubi pikim seelaadne seeria alates 2008. aasta oktoobrist.\u00a0&#13;\n<\/p>\n<p>Ka kodustes karikasarjades on Tottenhami saatnud ebaedu. Oktoobris kaotati liigakarika neljandas ringis Newcastle Unitedile ning Inglismaa karikav\u00f5istluste kolmandas ringis tunnistati Aston Villa paremust.\u00a0&#13;\n<\/p>\n<p>Enne Tottenhami siirdumist seitse aastat Brentfordi juhendanud Frank asus P\u00f5hja-Londoni klubi t\u00fc\u00fcri m\u00f6\u00f6dunud aasta juunis, mil Ange Postecoglou vallandati. Meistrite liiga p\u00f5hiturniiri tabelis \u00f5nnestus Franki Tottenhamil k\u00fcll neljas koht kindlustada ning seel\u00e4bi kaheksandikfinaali p\u00e4\u00e4seda, ent n\u00fc\u00fcdseks saadab taanlast Postecoglouga sarnane saatus.\u00a0<\/p>\n<p>&#8220;Olime otsustanud anda talle vajaliku aja ja toe, et koos tulevikku \u00fcles ehitada. Siiski on tulemused ja esitused viinud juhatuse j\u00e4relduseni, et hooaja selles faasis on muudatus vajalik. Kogu oma klubi juures oldud aja v\u00e4ltel tegutses Thomas vankumatu p\u00fchendumusega, andes endast k\u00f5ik, et klubi edasi viia,&#8221; seisab Tottenhami avalduses.\u00a0&#13;\n<\/p>\n<blockquote class=\"twitter-tweet\"><p>&#13;<\/p>\n<p lang=\"en\" dir=\"ltr\">The Club has taken the decision to make a change in the Men\u2019s Head Coach position and Thomas Frank will leave today.<\/p>\n<p>Thomas was appointed in June 2025, and we have been determined to give him the time and support needed to build for the future together.<\/p>\n<p>However, results and\u2026 <a href=\"https:\/\/t.co\/mo82TaAXts\" rel=\"nofollow\">pic.twitter.com\/mo82TaAXts<\/a>&#13;<br \/>\n\u2014 Tottenham Hotspur (@SpursOfficial) <a href=\"https:\/\/twitter.com\/SpursOfficial\/status\/2021530157094179197?ref_src=twsrc%5Etfw\" rel=\"nofollow noopener\" target=\"_blank\">February 11, 2026<\/a><\/p>\n<\/blockquote>\n<p>          <script async src=\"https:\/\/platform.twitter.com\/widgets.js\" charset=\"utf-8\"><\/script><\/p>\n","protected":false},"excerpt":{"rendered":"&#13; Inglismaa k\u00f5rgliiga 16. tabelireal pesitsev Tottenham Hotspur teatas, et peatreener Thomas Frank vallandati 1:2 kaotuse j\u00e4rel Newcastle&hellip;\n","protected":false},"author":2,"featured_media":105759,"comment_status":"","ping_status":"","sticky":false,"template":"","format":"standard","meta":{"footnotes":"","_share_on_mastodon":"0"},"categories":[18],"tags":[37,33,35,34,36,8467,1101,806,808,159,158,18788,1110,6431],"class_list":["post-105758","post","type-post","status-publish","format-standard","has-post-thumbnail","category-sport","tag-ee","tag-eesti","tag-eesti-keel","tag-estonia","tag-estonian","tag-frank","tag-inglismaa","tag-inglismaa-korgliiga","tag-premier-league","tag-sport","tag-sports","tag-thomas-frank","tag-tottenham","tag-tottenham-hotspur"],"share_on_mastodon":{"url":"https:\/\/pubeurope.com\/@ee\/116052209370985466","error":""},"_links":{"self":[{"href":"https:\/\/www.europesays.com\/ee\/wp-json\/wp\/v2\/posts\/105758","targetHints":{"allow":["GET"]}}],"collection":[{"href":"https:\/\/www.europesays.com\/ee\/wp-json\/wp\/v2\/posts"}],"about":[{"href":"https:\/\/www.europesays.com\/ee\/wp-json\/wp\/v2\/types\/post"}],"author":[{"embeddable":true,"href":"https:\/\/www.europesays.com\/ee\/wp-json\/wp\/v2\/users\/2"}],"replies":[{"embeddable":true,"href":"https:\/\/www.europesays.com\/ee\/wp-json\/wp\/v2\/comments?post=105758"}],"version-history":[{"count":0,"href":"https:\/\/www.europesays.com\/ee\/wp-json\/wp\/v2\/posts\/105758\/revisions"}],"wp:featuredmedia":[{"embeddable":true,"href":"https:\/\/www.europesays.com\/ee\/wp-json\/wp\/v2\/media\/105759"}],"wp:attachment":[{"href":"https:\/\/www.europesays.com\/ee\/wp-json\/wp\/v2\/media?parent=105758"}],"wp:term":[{"taxonomy":"category","embeddable":true,"href":"https:\/\/www.europesays.com\/ee\/wp-json\/wp\/v2\/categories?post=105758"},{"taxonomy":"post_tag","embeddable":true,"href":"https:\/\/www.europesays.com\/ee\/wp-json\/wp\/v2\/tags?post=105758"}],"curies":[{"name":"wp","href":"https:\/\/api.w.org\/{rel}","templated":true}]}}