{"id":105780,"date":"2026-02-11T13:45:15","date_gmt":"2026-02-11T13:45:15","guid":{"rendered":"https:\/\/www.europesays.com\/ee\/105780\/"},"modified":"2026-02-11T13:45:15","modified_gmt":"2026-02-11T13:45:15","slug":"rahahadas-ukraina-avas-uksed-relvade-ekspordile-3","status":"publish","type":"post","link":"https:\/\/www.europesays.com\/ee\/105780\/","title":{"rendered":"Rahah\u00e4das Ukraina avas uksed relvade ekspordile"},"content":{"rendered":"<p class=\"MsoNormal\">Pea neli aastat kestnud s\u00f5da on k\u00fctnud kiirkasvu kaitsesektoris ning t\u00f6\u00f6stusharu ametiliitude hinnangul leidub Ukrainas n\u00fc\u00fcd \u00fcle tuhande relva- ja s\u00f5javarustuse tootja, kirjutab Reuters. Enamik neist on v\u00e4ikesed ja eraomanduses ettev\u00f5tted, mis asutati p\u00e4rast Venemaa sissetungi veebruaris 2022.<\/p>\n<p class=\"MsoNormal\">Olukorras, kus firmad kiirkorras uusi relvas\u00fcsteeme ning kaitsevahendeid tootma olid sunnitud, on kaitsesektor kasvanud kiiremini, kui valitsus suudab osta nende tooteid. Seet\u00f5ttu otsib Kiiev n\u00fc\u00fcd liitlastelt raha, et aidata finantseerida kodumaiseid ostusid.<\/p>\n<p class=\"MsoNormal\">Ukraina tootmisettev\u00f5tted, millest paljud on teinud endale nime edukaks osutunud lahinguvarustuse valmistamisega, loodavad n\u00fc\u00fcd teenida suurkasumit Euroopa kaitset\u00f6\u00f6stuse ajaloolisest buumist, mida tiivustab maailmajao suurim s\u00f5da alates aastast 1945.<\/p>\n<p>Ukraina tehnoloogia tugevdab Euroopa kaitset<\/p>\n<p class=\"MsoNormal\">Zelensk\u00f5i \u00fctles, et aastal 2026 avatakse \u00fcle kogu Euroopa k\u00fcmme Ukraina relvade ekspordikeskust ning lisas, et muu hulgas hakatakse eksportima lahingudroone.<\/p>\n<p class=\"MsoNormal\">\u00abN\u00fc\u00fcdne Euroopa julgeolek ehitatakse \u00fcles tehnoloogiale ja droonidele,\u00bb \u00fctles Zelensk\u00f5i. \u00abK\u00f5ik see saab olema suuresti rajatud Ukraina tehnoloogiale ja Ukraina spetsialistidele.\u00bb<\/p>\n<p class=\"MsoNormal\">Ukraina liitlased on v\u00e4ljendanud huvi \u00f5ppimise vastu Ukraina s\u00f5jakogemusest ning tehnoloogilisest innovatsioonist, et tugevdada omaenda relvaj\u00f5udusid, millest mitmed on n\u00f5rgenenud p\u00e4rast aastak\u00fcmnetepikkust alarahastust.<\/p>\n<p class=\"MsoNormal\">Alates s\u00f5ja algusest polnud Ukraina relvatootjad suutnud saada valitsuselt heakskiitu oma toodete eksportimiseks. M\u00f5ned on kurtnud, et Ukraina riiklikud relvahankereeglid on liiga b\u00fcrokraatlikud, et kulutustele on seatud kitsad piirangud ning kasumitele asetatud range lagi, mis omakorda v\u00e4hendab kapitali kaasamise v\u00f5imalusi laienemiseks ja tootearenduseks.<\/p>\n<p>Huvi droonide ja elektroonilise s\u00f5japidamise s\u00fcsteemide vastu<\/p>\n<p class=\"MsoNormal\">Zelensk\u00f5i \u00fctles, et veebruaris k\u00e4ivitub Ukraina droonide tootmine Saksamaal. Ta lisas, et neid ehitatakse \u00fchistootmise initsiatiivi raames juba Suurbritannias. Kaasatud ettev\u00f5tteid ta nimepidi ei nimetanud.<\/p>\n","protected":false},"excerpt":{"rendered":"Pea neli aastat kestnud s\u00f5da on k\u00fctnud kiirkasvu kaitsesektoris ning t\u00f6\u00f6stusharu ametiliitude hinnangul leidub Ukrainas n\u00fc\u00fcd \u00fcle tuhande&hellip;\n","protected":false},"author":2,"featured_media":105464,"comment_status":"","ping_status":"","sticky":false,"template":"","format":"standard","meta":{"footnotes":"","_share_on_mastodon":"0"},"categories":[80],"tags":[26,27,1274,37,33,35,34,36,31,32,21,28,29,95,19,25,50464,12271,23,24,124,22,20,30,92,93,94],"class_list":["post-105780","post","type-post","status-publish","format-standard","has-post-thumbnail","category-maailm","tag-breaking-news","tag-breakingnews","tag-droonid","tag-ee","tag-eesti","tag-eesti-keel","tag-estonia","tag-estonian","tag-featured-news","tag-featurednews","tag-headlines","tag-latest-news","tag-latestnews","tag-maailm","tag-news","tag-populaarseimad-lood","tag-relvaeksport","tag-sojatoostus","tag-top-stories","tag-topstories","tag-ukraina-soda","tag-uldised-uudised","tag-uudised","tag-viimased-uudised","tag-world","tag-world-news","tag-worldnews"],"share_on_mastodon":{"url":"https:\/\/pubeurope.com\/@ee\/116052303826449385","error":""},"_links":{"self":[{"href":"https:\/\/www.europesays.com\/ee\/wp-json\/wp\/v2\/posts\/105780","targetHints":{"allow":["GET"]}}],"collection":[{"href":"https:\/\/www.europesays.com\/ee\/wp-json\/wp\/v2\/posts"}],"about":[{"href":"https:\/\/www.europesays.com\/ee\/wp-json\/wp\/v2\/types\/post"}],"author":[{"embeddable":true,"href":"https:\/\/www.europesays.com\/ee\/wp-json\/wp\/v2\/users\/2"}],"replies":[{"embeddable":true,"href":"https:\/\/www.europesays.com\/ee\/wp-json\/wp\/v2\/comments?post=105780"}],"version-history":[{"count":0,"href":"https:\/\/www.europesays.com\/ee\/wp-json\/wp\/v2\/posts\/105780\/revisions"}],"wp:featuredmedia":[{"embeddable":true,"href":"https:\/\/www.europesays.com\/ee\/wp-json\/wp\/v2\/media\/105464"}],"wp:attachment":[{"href":"https:\/\/www.europesays.com\/ee\/wp-json\/wp\/v2\/media?parent=105780"}],"wp:term":[{"taxonomy":"category","embeddable":true,"href":"https:\/\/www.europesays.com\/ee\/wp-json\/wp\/v2\/categories?post=105780"},{"taxonomy":"post_tag","embeddable":true,"href":"https:\/\/www.europesays.com\/ee\/wp-json\/wp\/v2\/tags?post=105780"}],"curies":[{"name":"wp","href":"https:\/\/api.w.org\/{rel}","templated":true}]}}