{"id":105989,"date":"2026-02-11T18:48:06","date_gmt":"2026-02-11T18:48:06","guid":{"rendered":"https:\/\/www.europesays.com\/ee\/105989\/"},"modified":"2026-02-11T18:48:06","modified_gmt":"2026-02-11T18:48:06","slug":"on-kohatu-sellist-asja-jagada-sotsiaalmeedias-tekitab-tormi-jalmar-vabarna-pruudi-kirjeldus-nende-tutvumisest","status":"publish","type":"post","link":"https:\/\/www.europesays.com\/ee\/105989\/","title":{"rendered":"\u201eOn kohatu sellist asja jagada&#8230;\u201c Sotsiaalmeedias tekitab tormi Jalmar Vabarna pruudi kirjeldus nende tutvumisest"},"content":{"rendered":"<p>Artikli ilmumise ajaks on k\u00f5nealune TikToki postitus saanud \u00fcle 43 000 vaatamise. Huvitav on ka asjaolu, et videot on tuhat korda edasi jagatud. <\/p>\n<p>T\u00f5sielusaatest v\u00e4lja l\u00f5igatud klipis s\u00f5nab Hanna-Liis, et tutvus Jalmariga juba kuus ja pool aastat tagasi. Videost on n\u00e4ha, et Hanna-Liis on nende tutvumislugu r\u00e4\u00e4kides v\u00f5rdlemisi ettevaatlik ja valib v\u00e4ga oma s\u00f5nu. \u201eMa hakkasin hoidma Jalmari ja tema endise kaaslase lapsi Villemit ja Kuud. Ja olingi lapsehoidja siis. Ma tegin seda oma kooli\u00f5pingute k\u00f5rvalt, sest \u00f5ppisin logopeediks ja siis ma tegin lapsehoidja t\u00f6\u00f6d,\u201c r\u00e4\u00e4kis ta. <\/p>\n<p>Oled juba tellija?Logi sisse<\/p>\n<p><a href=\"https:\/\/kroonika.delfi.ee\/artikkel\/120435491\/klassikaline-lapsehoidja-lugu-sotsiaalmeedias-tekitab-tormi-jalmar-vabarna-pruudi-kirjeldus-nende-tutvumisest\/kommentaarid\" class=\"article-body-bottom__comment article-body-bottom__comment--write button button--primary button--size-auto\" rel=\"nofollow noopener\" target=\"_blank\"> Kommenteeri <\/a><a href=\"https:\/\/kroonika.delfi.ee\/artikkel\/120435491\/klassikaline-lapsehoidja-lugu-sotsiaalmeedias-tekitab-tormi-jalmar-vabarna-pruudi-kirjeldus-nende-tutvumisest\/kommentaarid\" class=\"article-body-bottom__comment article-body-bottom__comment--read button button--size-auto\" rel=\"nofollow noopener\" target=\"_blank\"> Loe kommentaare (44)<\/a><\/p>\n","protected":false},"excerpt":{"rendered":"Artikli ilmumise ajaks on k\u00f5nealune TikToki postitus saanud \u00fcle 43 000 vaatamise. Huvitav on ka asjaolu, et videot&hellip;\n","protected":false},"author":2,"featured_media":105990,"comment_status":"","ping_status":"","sticky":false,"template":"","format":"standard","meta":{"footnotes":"","_share_on_mastodon":"0"},"categories":[91],"tags":[240,37,33,35,173,34,36,5534,241,140,205,250],"class_list":["post-105989","post","type-post","status-publish","format-standard","has-post-thumbnail","category-kuulsused","tag-celebrities","tag-ee","tag-eesti","tag-eesti-keel","tag-entertainment","tag-estonia","tag-estonian","tag-jalmar-vabarna","tag-kuulsused","tag-meelelahutus","tag-sandra-sillamaa","tag-trad-attack"],"share_on_mastodon":{"url":"https:\/\/pubeurope.com\/@ee\/116053495154032464","error":""},"_links":{"self":[{"href":"https:\/\/www.europesays.com\/ee\/wp-json\/wp\/v2\/posts\/105989","targetHints":{"allow":["GET"]}}],"collection":[{"href":"https:\/\/www.europesays.com\/ee\/wp-json\/wp\/v2\/posts"}],"about":[{"href":"https:\/\/www.europesays.com\/ee\/wp-json\/wp\/v2\/types\/post"}],"author":[{"embeddable":true,"href":"https:\/\/www.europesays.com\/ee\/wp-json\/wp\/v2\/users\/2"}],"replies":[{"embeddable":true,"href":"https:\/\/www.europesays.com\/ee\/wp-json\/wp\/v2\/comments?post=105989"}],"version-history":[{"count":0,"href":"https:\/\/www.europesays.com\/ee\/wp-json\/wp\/v2\/posts\/105989\/revisions"}],"wp:featuredmedia":[{"embeddable":true,"href":"https:\/\/www.europesays.com\/ee\/wp-json\/wp\/v2\/media\/105990"}],"wp:attachment":[{"href":"https:\/\/www.europesays.com\/ee\/wp-json\/wp\/v2\/media?parent=105989"}],"wp:term":[{"taxonomy":"category","embeddable":true,"href":"https:\/\/www.europesays.com\/ee\/wp-json\/wp\/v2\/categories?post=105989"},{"taxonomy":"post_tag","embeddable":true,"href":"https:\/\/www.europesays.com\/ee\/wp-json\/wp\/v2\/tags?post=105989"}],"curies":[{"name":"wp","href":"https:\/\/api.w.org\/{rel}","templated":true}]}}