{"id":106005,"date":"2026-02-11T19:27:11","date_gmt":"2026-02-11T19:27:11","guid":{"rendered":"https:\/\/www.europesays.com\/ee\/106005\/"},"modified":"2026-02-11T19:27:11","modified_gmt":"2026-02-11T19:27:11","slug":"mark-lajal-andis-prantsusmaal-glinkale-loobumisvoidu","status":"publish","type":"post","link":"https:\/\/www.europesays.com\/ee\/106005\/","title":{"rendered":"Mark Lajal andis Prantsusmaal Glinkale loobumisv\u00f5idu"},"content":{"rendered":"<p>Mark Lajal ja Daniil Glinka loositi Prantsusmaal toimuval Pau Challenger 125 tenniseturniiri avaringis omavahel vastamisi, kuid Lajal andis loobumisv\u00f5idu p\u00e4rast seda, kui vajas kaela-\u00f5la piirkonnas tohterdamist.<\/p>\n<p>Esimeses setis seisul 3:5 aitas Lajalit f\u00fcsioterapeut. Lajal kaotas esimese seti 3:6. Teise seti algul k\u00e4is f\u00fcsioterapeut veel korra Lajalit tohterdamas, kuid seisul 3:4 otsustas m\u00e4ngu pooleli j\u00e4tta.<\/p>\n","protected":false},"excerpt":{"rendered":"Mark Lajal ja Daniil Glinka loositi Prantsusmaal toimuval Pau Challenger 125 tenniseturniiri avaringis omavahel vastamisi, kuid Lajal andis&hellip;\n","protected":false},"author":2,"featured_media":106006,"comment_status":"","ping_status":"","sticky":false,"template":"","format":"standard","meta":{"footnotes":"","_share_on_mastodon":"0"},"categories":[18],"tags":[2429,4587,38720,37,33,35,34,36,42136,42133,50742,159,158],"class_list":["post-106005","post","type-post","status-publish","format-standard","has-post-thumbnail","category-sport","tag-atp","tag-basel","tag-chengdu","tag-ee","tag-eesti","tag-eesti-keel","tag-estonia","tag-estonian","tag-glinka","tag-lajal","tag-sevtsenko","tag-sport","tag-sports"],"share_on_mastodon":{"url":"https:\/\/pubeurope.com\/@ee\/116053648564691544","error":""},"_links":{"self":[{"href":"https:\/\/www.europesays.com\/ee\/wp-json\/wp\/v2\/posts\/106005","targetHints":{"allow":["GET"]}}],"collection":[{"href":"https:\/\/www.europesays.com\/ee\/wp-json\/wp\/v2\/posts"}],"about":[{"href":"https:\/\/www.europesays.com\/ee\/wp-json\/wp\/v2\/types\/post"}],"author":[{"embeddable":true,"href":"https:\/\/www.europesays.com\/ee\/wp-json\/wp\/v2\/users\/2"}],"replies":[{"embeddable":true,"href":"https:\/\/www.europesays.com\/ee\/wp-json\/wp\/v2\/comments?post=106005"}],"version-history":[{"count":0,"href":"https:\/\/www.europesays.com\/ee\/wp-json\/wp\/v2\/posts\/106005\/revisions"}],"wp:featuredmedia":[{"embeddable":true,"href":"https:\/\/www.europesays.com\/ee\/wp-json\/wp\/v2\/media\/106006"}],"wp:attachment":[{"href":"https:\/\/www.europesays.com\/ee\/wp-json\/wp\/v2\/media?parent=106005"}],"wp:term":[{"taxonomy":"category","embeddable":true,"href":"https:\/\/www.europesays.com\/ee\/wp-json\/wp\/v2\/categories?post=106005"},{"taxonomy":"post_tag","embeddable":true,"href":"https:\/\/www.europesays.com\/ee\/wp-json\/wp\/v2\/tags?post=106005"}],"curies":[{"name":"wp","href":"https:\/\/api.w.org\/{rel}","templated":true}]}}