{"id":106022,"date":"2026-02-11T20:00:06","date_gmt":"2026-02-11T20:00:06","guid":{"rendered":"https:\/\/www.europesays.com\/ee\/106022\/"},"modified":"2026-02-11T20:00:06","modified_gmt":"2026-02-11T20:00:06","slug":"valitsus-kinnitab-kultuurkapitali-noukogu-uue-koosseisu-eesti","status":"publish","type":"post","link":"https:\/\/www.europesays.com\/ee\/106022\/","title":{"rendered":"Valitsus kinnitab kultuurkapitali n\u00f5ukogu uue koosseisu | Eesti"},"content":{"rendered":"<p>Neljap\u00e4evasel valitsuse istungil on p\u00e4evakorras kultuurkapitali n\u00f5ukogu uue koosseisu kinnitamine.<\/p>\n<p>Kultuuriminister teeb neljap\u00e4evasel valitsuse istungil ettepaneku kinnitada Eesti Kultuurkapitali n\u00f5ukogu uus koosseis. Eelmise koosseisu kinnitas valitsus 8. detsembril 2023, n\u00f5ukogu volituste t\u00e4htaeg on kaks aastat.<\/p>\n<p>Uude n\u00f5ukokku kuuluvad Erich Teigam\u00e4gi kehakultuuri ja spordi sihtkapitali esindajana, Riina Sildos audiovisuaalse kunsti sihtkapitali esindajana, Raivo P\u00f5ldmaa n\u00e4itekunsti sihtkapitali esindajana, Dagmar Ingi rahvakultuuri sihtkapitali esindajana, Andres Kurg arhitektuuri sihtkapitali esindajana, Jaanika Palm kirjanduse sihtkapitali esindajana, Anu Kivilo helikunsti sihtkapitali esindajana ning Kadri Laas-Lepasepp kujutava ja rakenduskunsti sihtkapitali esindajana. Lisaks kuuluvad n\u00f5ukogusse Liina Vahtras kultuuriministri esindajana ning Raigo Uukkivi rahandusministri esindajana.<\/p>\n<p>Kultuurkapitali n\u00f5ukogusse kuuluvad esimehena kultuuriminister, rahandusministri ja kultuuriministri nimetatud esindaja ning iga sihtkapitali n\u00f5ukogu nimetatud esindaja.<\/p>\n<p>Kultuurkapitali n\u00f5ukogu \u00fclesanne on kujundada organisatsiooni strateegilisi suundi, kinnitada eelarve ning tagada sihtkapitalide t\u00f6\u00f6 koosk\u00f5la seaduse ja avalike huvidega.<\/p>\n","protected":false},"excerpt":{"rendered":"Neljap\u00e4evasel valitsuse istungil on p\u00e4evakorras kultuurkapitali n\u00f5ukogu uue koosseisu kinnitamine. Kultuuriminister teeb neljap\u00e4evasel valitsuse istungil ettepaneku kinnitada Eesti&hellip;\n","protected":false},"author":2,"featured_media":47826,"comment_status":"","ping_status":"","sticky":false,"template":"","format":"standard","meta":{"footnotes":"","_share_on_mastodon":"0"},"categories":[18],"tags":[37,33,35,34,36,6856,13130,159,158],"class_list":["post-106022","post","type-post","status-publish","format-standard","has-post-thumbnail","category-sport","tag-ee","tag-eesti","tag-eesti-keel","tag-estonia","tag-estonian","tag-kultuurkapital","tag-noukogu","tag-sport","tag-sports"],"share_on_mastodon":{"url":"https:\/\/pubeurope.com\/@ee\/116053778293421570","error":""},"_links":{"self":[{"href":"https:\/\/www.europesays.com\/ee\/wp-json\/wp\/v2\/posts\/106022","targetHints":{"allow":["GET"]}}],"collection":[{"href":"https:\/\/www.europesays.com\/ee\/wp-json\/wp\/v2\/posts"}],"about":[{"href":"https:\/\/www.europesays.com\/ee\/wp-json\/wp\/v2\/types\/post"}],"author":[{"embeddable":true,"href":"https:\/\/www.europesays.com\/ee\/wp-json\/wp\/v2\/users\/2"}],"replies":[{"embeddable":true,"href":"https:\/\/www.europesays.com\/ee\/wp-json\/wp\/v2\/comments?post=106022"}],"version-history":[{"count":0,"href":"https:\/\/www.europesays.com\/ee\/wp-json\/wp\/v2\/posts\/106022\/revisions"}],"wp:featuredmedia":[{"embeddable":true,"href":"https:\/\/www.europesays.com\/ee\/wp-json\/wp\/v2\/media\/47826"}],"wp:attachment":[{"href":"https:\/\/www.europesays.com\/ee\/wp-json\/wp\/v2\/media?parent=106022"}],"wp:term":[{"taxonomy":"category","embeddable":true,"href":"https:\/\/www.europesays.com\/ee\/wp-json\/wp\/v2\/categories?post=106022"},{"taxonomy":"post_tag","embeddable":true,"href":"https:\/\/www.europesays.com\/ee\/wp-json\/wp\/v2\/tags?post=106022"}],"curies":[{"name":"wp","href":"https:\/\/api.w.org\/{rel}","templated":true}]}}