{"id":106053,"date":"2026-02-11T21:17:12","date_gmt":"2026-02-11T21:17:12","guid":{"rendered":"https:\/\/www.europesays.com\/ee\/106053\/"},"modified":"2026-02-11T21:17:12","modified_gmt":"2026-02-11T21:17:12","slug":"olumpiavoitja-simon-finisijoonel-naidatud-zestist-see-oli-vastus-internetis-ilkujatele","status":"publish","type":"post","link":"https:\/\/www.europesays.com\/ee\/106053\/","title":{"rendered":"Ol\u00fcmpiav\u00f5itja Simon fini\u0161ijoonel n\u00e4idatud \u017eestist: see oli vastus internetis ilkujatele"},"content":{"rendered":"<p>Simon sattus eelmisel aastal pahandustesse, sest ta m\u00f5isteti s\u00fc\u00fcdi koondisekaaslase Justine Braisaz-Bouchet\u2019 ning kahe koondise taustaj\u00f5u liikme krediitkaartide varguses ja v\u00f5\u00f5ra raha eest internetipoest asjade tellimises. Kohus m\u00e4\u00e4ras talle kolmekuulise tingimisi vanglakaristuse ja 15 000 euro suuruse rahatrahvi, alaliit omakorda kuuekuulise v\u00f5istluskeelu, millest viis kuud oli tingimisi.<\/p>\n<p>Kriitikalaviini alla sattunud Simon j\u00e4i hooaja esimestest MK-etappidest eemale, kuid ol\u00fcmpial on ta n\u00fc\u00fcdseks v\u00f5itnud juba kaks kuldmedalit. Kolmap\u00e4eval pani ta fini\u0161ijoone \u00fcletamise j\u00e4rel n\u00e4pu huultele. \u201eLugesin eile \u00f5htul mulle tulnud s\u00f5numeid ja need olid p\u00e4ris pahad. Tahtsin lihtsalt \u00f6elda: n\u00fc\u00fcd r\u00e4\u00e4gime spordist,\u201c selgitas ta oma \u017eesti.<\/p>\n<p>\u201eSee oli suunatud internetis ilkujatele,\u201c lisas 29-aastane Simon. \u201eSeda tuli k\u00f5igilt ja k\u00f5ikjalt, ka neilt, keda ma rajal alistan. See pole enam oluline, sest t\u00e4nasest olen ol\u00fcmpiav\u00f5itja. See oli parim vastus, mida anda sain.\u201c<\/p>\n<p>Vormiliselt v\u00f5inuks kolmap\u00e4ev olla suur Prantsusmaa koondise \u00fchine pidup\u00e4ev, sest teiseks tuli Simoni kaasmaalane Lou Jeanmonnot. H\u00f5bemedalist tunnistas siiski, et tema suhe Simoniga on v\u00e4ga k\u00fclm.<\/p>\n<p>\u201eMa arvan, et ta t\u00e4histab t\u00e4nast omal moel. Tal on selleks omad p\u00f5hjused,\u201c m\u00e4rkis Jeanmonnot. \u201eAusalt \u00f6eldes me pole eriti head s\u00f5brad, vaid lihtsalt meeskonnakaaslased. Kuna oleme t\u00e4iskasvanud, siis suudame koos eksisteerida, aga tema ajab omi asju ja mina omi.\u201c<\/p>\n<p>Eesti laskesuusatajast oli parimana Susan K\u00fclm 28. (1; +3.27,5). Regina Ermits oli 50. (2 trahvi; +5.03,0), Tuuli Tomingas 57. (4 trahvi; +5.39,1) ja Johanna Talih\u00e4rm 74. (3; trahvi; +7.46,2).<\/p>\n<p>Kuidas see lugu Sind end tundma pani? Saada <a href=\"https:\/\/sport.delfi.ee\/artikkel\/120435586\/simon-finisijoonel-naidatud-zestist-see-oli-vastus-internetis-ilkujatele\/kommentaarid\" class=\"article-body-bottom__comment article-body-bottom__comment--write button button--primary button--size-auto\" rel=\"nofollow noopener\" target=\"_blank\"> Kommenteeri <\/a><a href=\"https:\/\/sport.delfi.ee\/artikkel\/120435586\/simon-finisijoonel-naidatud-zestist-see-oli-vastus-internetis-ilkujatele\/kommentaarid\" class=\"article-body-bottom__comment article-body-bottom__comment--read button button--size-auto\" rel=\"nofollow noopener\" target=\"_blank\"> Loe kommentaare (7)<\/a><\/p>\n","protected":false},"excerpt":{"rendered":"Simon sattus eelmisel aastal pahandustesse, sest ta m\u00f5isteti s\u00fc\u00fcdi koondisekaaslase Justine Braisaz-Bouchet\u2019 ning kahe koondise taustaj\u00f5u liikme krediitkaartide&hellip;\n","protected":false},"author":2,"featured_media":106054,"comment_status":"","ping_status":"","sticky":false,"template":"","format":"standard","meta":{"footnotes":"","_share_on_mastodon":"0"},"categories":[18],"tags":[37,33,35,34,36,3532,159,158],"class_list":["post-106053","post","type-post","status-publish","format-standard","has-post-thumbnail","category-sport","tag-ee","tag-eesti","tag-eesti-keel","tag-estonia","tag-estonian","tag-julia-simon","tag-sport","tag-sports"],"share_on_mastodon":{"url":"https:\/\/pubeurope.com\/@ee\/116054081097927209","error":""},"_links":{"self":[{"href":"https:\/\/www.europesays.com\/ee\/wp-json\/wp\/v2\/posts\/106053","targetHints":{"allow":["GET"]}}],"collection":[{"href":"https:\/\/www.europesays.com\/ee\/wp-json\/wp\/v2\/posts"}],"about":[{"href":"https:\/\/www.europesays.com\/ee\/wp-json\/wp\/v2\/types\/post"}],"author":[{"embeddable":true,"href":"https:\/\/www.europesays.com\/ee\/wp-json\/wp\/v2\/users\/2"}],"replies":[{"embeddable":true,"href":"https:\/\/www.europesays.com\/ee\/wp-json\/wp\/v2\/comments?post=106053"}],"version-history":[{"count":0,"href":"https:\/\/www.europesays.com\/ee\/wp-json\/wp\/v2\/posts\/106053\/revisions"}],"wp:featuredmedia":[{"embeddable":true,"href":"https:\/\/www.europesays.com\/ee\/wp-json\/wp\/v2\/media\/106054"}],"wp:attachment":[{"href":"https:\/\/www.europesays.com\/ee\/wp-json\/wp\/v2\/media?parent=106053"}],"wp:term":[{"taxonomy":"category","embeddable":true,"href":"https:\/\/www.europesays.com\/ee\/wp-json\/wp\/v2\/categories?post=106053"},{"taxonomy":"post_tag","embeddable":true,"href":"https:\/\/www.europesays.com\/ee\/wp-json\/wp\/v2\/tags?post=106053"}],"curies":[{"name":"wp","href":"https:\/\/api.w.org\/{rel}","templated":true}]}}