{"id":106061,"date":"2026-02-11T21:28:13","date_gmt":"2026-02-11T21:28:13","guid":{"rendered":"https:\/\/www.europesays.com\/ee\/106061\/"},"modified":"2026-02-11T21:28:13","modified_gmt":"2026-02-11T21:28:13","slug":"eesti-tennisistide-duell-prantsusmaal-jai-poolikuks-lajal-andis-glinkale-loobumisvoidu","status":"publish","type":"post","link":"https:\/\/www.europesays.com\/ee\/106061\/","title":{"rendered":"Eesti tennisistide duell Prantsusmaal j\u00e4i poolikuks. Lajal andis Glinkale loobumisv\u00f5idu"},"content":{"rendered":"<p>M\u00e4ngu avasetis hoidsid m\u00f5lemad <a rel=\"noopener nofollow\" target=\"_blank\" href=\"https:\/\/www.delfi.ee\/teema\/82733623\/tennis\" tag-id=\"82733623\">tennisistid<\/a> oma servigeime kuni seisuni 3:3. Siis murdis Glinka Lajali pallingu nulliga, v\u00f5itis seej\u00e4rel enda servigeimi ja murdis ka teist korda. Glinka 6:3 v\u00f5iduga l\u00f5ppenud avasett kestis 38 minutit.<\/p>\n<p>Teises setis \u00fchtegi servimurret ei n\u00e4htud, kuid Glinka 4:3 eduseisus otsustas Lajal loobuda. Kokku kestis poolikuks j\u00e4\u00e4nud kohtumine tund ja 11 minutit.<\/p>\n<p>Lajal v\u00f5ttis m\u00e4ngu jooksul kaks meditsiinilist time-out\u00b4i, avasetis 3:5 kaotusseisus ja teises setis 1:2 kaotusseisus. Mis vigastus teda t\u00e4psemalt vaevab, pole teada.<\/p>\n<p>Turniiri teises ringis ootab Glinkat t\u00f5eline proovikivi, kuna tal tuleb vastamisi minna maailma 84. reketi, kasahhi Aleksandr \u0160evt\u0161enkoga, kes omab turniiril teist asetust. Kohtumine toimub neljap\u00e4eval.<\/p>\n<p>Kui Glinka suudab \u0160evt\u0161enko alistada, on tema veerandfinaali vastane kas itaallane Giulio Zeppieri (ATP 154.) v\u00f5i sakslane Henri Squire (ATP 282.)<\/p>\n<p>Kuidas see lugu Sind end tundma pani? Saada <a href=\"https:\/\/sport.delfi.ee\/artikkel\/120435568\/eesti-tennisistide-duell-prantsusmaal-jai-poolikuks-lajal-andis-glinkale-loobumisvoidu\/kommentaarid\" class=\"article-body-bottom__comment article-body-bottom__comment--write button button--primary button--size-auto\" rel=\"nofollow noopener\" target=\"_blank\"> Kommenteeri <\/a><a href=\"https:\/\/sport.delfi.ee\/artikkel\/120435568\/eesti-tennisistide-duell-prantsusmaal-jai-poolikuks-lajal-andis-glinkale-loobumisvoidu\/kommentaarid\" class=\"article-body-bottom__comment article-body-bottom__comment--read button button--size-auto\" rel=\"nofollow noopener\" target=\"_blank\"> Loe kommentaare (4)<\/a><\/p>\n","protected":false},"excerpt":{"rendered":"M\u00e4ngu avasetis hoidsid m\u00f5lemad tennisistid oma servigeime kuni seisuni 3:3. Siis murdis Glinka Lajali pallingu nulliga, v\u00f5itis seej\u00e4rel&hellip;\n","protected":false},"author":2,"featured_media":106062,"comment_status":"","ping_status":"","sticky":false,"template":"","format":"standard","meta":{"footnotes":"","_share_on_mastodon":"0"},"categories":[18],"tags":[2429,556,37,33,35,34,36,18415,557,159,158,2827],"class_list":["post-106061","post","type-post","status-publish","format-standard","has-post-thumbnail","category-sport","tag-atp","tag-daniil-glinka","tag-ee","tag-eesti","tag-eesti-keel","tag-estonia","tag-estonian","tag-karl-kiur-saar","tag-mark-lajal","tag-sport","tag-sports","tag-tennis"],"share_on_mastodon":{"url":"https:\/\/pubeurope.com\/@ee\/116054124287588188","error":""},"_links":{"self":[{"href":"https:\/\/www.europesays.com\/ee\/wp-json\/wp\/v2\/posts\/106061","targetHints":{"allow":["GET"]}}],"collection":[{"href":"https:\/\/www.europesays.com\/ee\/wp-json\/wp\/v2\/posts"}],"about":[{"href":"https:\/\/www.europesays.com\/ee\/wp-json\/wp\/v2\/types\/post"}],"author":[{"embeddable":true,"href":"https:\/\/www.europesays.com\/ee\/wp-json\/wp\/v2\/users\/2"}],"replies":[{"embeddable":true,"href":"https:\/\/www.europesays.com\/ee\/wp-json\/wp\/v2\/comments?post=106061"}],"version-history":[{"count":0,"href":"https:\/\/www.europesays.com\/ee\/wp-json\/wp\/v2\/posts\/106061\/revisions"}],"wp:featuredmedia":[{"embeddable":true,"href":"https:\/\/www.europesays.com\/ee\/wp-json\/wp\/v2\/media\/106062"}],"wp:attachment":[{"href":"https:\/\/www.europesays.com\/ee\/wp-json\/wp\/v2\/media?parent=106061"}],"wp:term":[{"taxonomy":"category","embeddable":true,"href":"https:\/\/www.europesays.com\/ee\/wp-json\/wp\/v2\/categories?post=106061"},{"taxonomy":"post_tag","embeddable":true,"href":"https:\/\/www.europesays.com\/ee\/wp-json\/wp\/v2\/tags?post=106061"}],"curies":[{"name":"wp","href":"https:\/\/api.w.org\/{rel}","templated":true}]}}