{"id":10630,"date":"2025-10-03T10:44:23","date_gmt":"2025-10-03T10:44:23","guid":{"rendered":"https:\/\/www.europesays.com\/ee\/10630\/"},"modified":"2025-10-03T10:44:23","modified_gmt":"2025-10-03T10:44:23","slug":"ulo-mattheus-%e2%9f%a9-sojal-ukrainas-ja-palestiinas-on-uhine-tekk-postimees","status":"publish","type":"post","link":"https:\/\/www.europesays.com\/ee\/10630\/","title":{"rendered":"\u00dcLO MATTHEUS \u27e9 S\u00f5jal Ukrainas ja Palestiinas on \u00fchine tekk &#8211; Postimees"},"content":{"rendered":"<ol>\n<li><a href=\"https:\/\/news.google.com\/rss\/articles\/CBMimAFBVV95cUxQel9meHlnVGpYTjlMMGo5UVREczNYZVkyLVdCZnUyWDdaRGJDNHc3cmlTNkk4OWktTEJPUmYwbWNVcHB4NDlMaEhjbmpqWXp5Tk9qTFJOdk5OTVVaanI1bVlOdXgzY1dsdHA5enR1NFBKRUNUZ0pleTZfaUQzUFhzSmUzay1aWVZGQW5udll1NFdiazFMWGJMeA?oc=5\" target=\"_blank\" rel=\"nofollow noopener\">\u00dcLO MATTHEUS \u27e9 S\u00f5jal Ukrainas ja Palestiinas on \u00fchine tekk<\/a>&nbsp;&nbsp;Postimees<\/li>\n<li><a href=\"https:\/\/news.google.com\/rss\/articles\/CBMiqAFBVV95cUxNUTB1STNpSm1vZVF2WGN0MU44WlNrczZfazZWV3huVnN5YVZGb3pKekFhXzNDWXdkTEJ6RXg4NlA1SXprelM3T1F4M2UwQ3dleFR6WWZDdkxNdjBKSVY2SmM3OFBmcDFEbFZnT1FIMHhzOW9NM2pTMURfNTBGR3c5dFltbUh3bHRLdXEwMFV3Q0Q0X3Y0N1VkRlRQQmxTczExTmQ3c2pWeHI?oc=5\" target=\"_blank\" rel=\"nofollow noopener\">\u00dcRO Peassamblee sai t\u00e4navu palju rohkem t\u00e4helepanu kui varasematel aastatel<\/a>&nbsp;&nbsp;ERR<\/li>\n<li><a href=\"https:\/\/news.google.com\/rss\/articles\/CBMisAFBVV95cUxPbWc0LWFMNWp1TGxGLURHa2dSbE84MEdMemtfbGhNR2k2bkhCOWwxLUZfOFdiTU1jT2pMWXp2eWFka25yM1paWER4SHJjb1RJMXNhaE1VSjlqSkdvUEd5YWx0X3dUSUZtaGVkUExhVFk1UG9EdURvRHh5b1pRMW5GTG1sOF9SZVdURm1BU1JvcjQzZHpKZXVEeEhZMzZpcjh3aDBvUXRFXzNMMmlBaTFIMw?oc=5\" target=\"_blank\" rel=\"nofollow noopener\">TOOMAS ALATALU \u27e9 Palestiina riigi v\u00f5imalikkusest maailmapolitseinike ajastul<\/a>&nbsp;&nbsp;Postimees<\/li>\n<li><a href=\"https:\/\/news.google.com\/rss\/articles\/CBMizAFBVV95cUxQejVVMVI2MUZxWW5kcnZmelJyV0x2Nm5yUFU0amlzakxaR2xSbUowaE5yS3c2ZWdfM05sbkVQT3VQSkROOGJrc2dtY0Z2amthTGw4VVMyVE5UVWxZc0RuaVhOTldZbnEwdkdSSjQ0eHZMTHBQemJqYUdrcFM3UjhRbjY0RlZsMWhDVm1JNXVpcUdhTnplVGpoZXlnZ1NkQWo5QmVJdTIyRThsTGhYaUR1VHhhaGdMVkZzVUZRbmpEWWZpWmZDMUdkSGY4Q2Y?oc=5\" target=\"_blank\" rel=\"nofollow noopener\">VIDEO | H\u00f5redale saalile k\u00f5ne pidanud Netanyahu noomis l\u00e4\u00e4neriike Palestiina tunnustamise eest<\/a>&nbsp;&nbsp;Delfi<\/li>\n<li><a href=\"https:\/\/news.google.com\/rss\/articles\/CBMi7wFBVV95cUxNWHF5ZGljZzM2WG5KZnBmYk80WG1UMC10RVN1UG9jTFJ1RjVVTjVPby1vcUs3aC1Dd1ZydWVGb0xDa2VuVE1CbGZSRlN1bVdlWkt1VHBRSEFHUmZadjdfdkltZV8yUWs3TTVVNmpkRzdjY19Xa0lEcG8weWxKVkN3ckhhaGduUGxxMnczN3JwaHhzQUZOV3EtLUo3SHJlM1ZfdzQ2N1gzUERnNnBoNWdxbk1xTTN1bnJZalc2R2RVaDF0UHp6UUhyNzVJNkNmTmxmczcwSlhrMXZPbTZtNktRNkNsLS1EaWFzVlBqaHVQQQ?oc=5\" target=\"_blank\" rel=\"nofollow noopener\">ERAKONDADE VOX POPULI Riina Sikkut: nelja aastaga kasvab laenukoormus poole v\u00f5rra ning puudub plaan sellest v\u00e4lja tulekuks<\/a>&nbsp;&nbsp;Postimees<\/li>\n<\/ol>\n","protected":false},"excerpt":{"rendered":"\u00dcLO MATTHEUS \u27e9 S\u00f5jal Ukrainas ja Palestiinas on \u00fchine tekk&nbsp;&nbsp;Postimees \u00dcRO Peassamblee sai t\u00e4navu palju rohkem t\u00e4helepanu kui&hellip;\n","protected":false},"author":2,"featured_media":10389,"comment_status":"","ping_status":"","sticky":false,"template":"","format":"standard","meta":{"footnotes":""},"categories":[80],"tags":[26,27,37,33,35,34,36,31,32,21,619,28,29,95,19,763,25,5934,23,24,1786,262,22,20,30,92,93,94],"class_list":{"0":"post-10630","1":"post","2":"type-post","3":"status-publish","4":"format-standard","5":"has-post-thumbnail","7":"category-maailm","8":"tag-breaking-news","9":"tag-breakingnews","10":"tag-ee","11":"tag-eesti","12":"tag-eesti-keel","13":"tag-estonia","14":"tag-estonian","15":"tag-featured-news","16":"tag-featurednews","17":"tag-headlines","18":"tag-iisrael","19":"tag-latest-news","20":"tag-latestnews","21":"tag-maailm","22":"tag-news","23":"tag-palestiina","24":"tag-populaarseimad-lood","25":"tag-rahuplaan","26":"tag-top-stories","27":"tag-topstories","28":"tag-uhinenud-rahvaste-organisatsioon","29":"tag-ukraina","30":"tag-uldised-uudised","31":"tag-uudised","32":"tag-viimased-uudised","33":"tag-world","34":"tag-world-news","35":"tag-worldnews"},"share_on_mastodon":{"url":"","error":""},"_links":{"self":[{"href":"https:\/\/www.europesays.com\/ee\/wp-json\/wp\/v2\/posts\/10630","targetHints":{"allow":["GET"]}}],"collection":[{"href":"https:\/\/www.europesays.com\/ee\/wp-json\/wp\/v2\/posts"}],"about":[{"href":"https:\/\/www.europesays.com\/ee\/wp-json\/wp\/v2\/types\/post"}],"author":[{"embeddable":true,"href":"https:\/\/www.europesays.com\/ee\/wp-json\/wp\/v2\/users\/2"}],"replies":[{"embeddable":true,"href":"https:\/\/www.europesays.com\/ee\/wp-json\/wp\/v2\/comments?post=10630"}],"version-history":[{"count":0,"href":"https:\/\/www.europesays.com\/ee\/wp-json\/wp\/v2\/posts\/10630\/revisions"}],"wp:featuredmedia":[{"embeddable":true,"href":"https:\/\/www.europesays.com\/ee\/wp-json\/wp\/v2\/media\/10389"}],"wp:attachment":[{"href":"https:\/\/www.europesays.com\/ee\/wp-json\/wp\/v2\/media?parent=10630"}],"wp:term":[{"taxonomy":"category","embeddable":true,"href":"https:\/\/www.europesays.com\/ee\/wp-json\/wp\/v2\/categories?post=10630"},{"taxonomy":"post_tag","embeddable":true,"href":"https:\/\/www.europesays.com\/ee\/wp-json\/wp\/v2\/tags?post=10630"}],"curies":[{"name":"wp","href":"https:\/\/api.w.org\/{rel}","templated":true}]}}