{"id":106325,"date":"2026-02-12T08:44:05","date_gmt":"2026-02-12T08:44:05","guid":{"rendered":"https:\/\/www.europesays.com\/ee\/106325\/"},"modified":"2026-02-12T08:44:05","modified_gmt":"2026-02-12T08:44:05","slug":"statistikaamet-ei-tea-millal-jaanuari-thi-andmed-valmis-saavad-majandus","status":"publish","type":"post","link":"https:\/\/www.europesays.com\/ee\/106325\/","title":{"rendered":"Statistikaamet ei tea, millal jaanuari THI andmed valmis saavad | Majandus"},"content":{"rendered":"<p>Jaanuarikuu tarbijahinnaindeksi (THI) andmete avaldamine on kaks korda edasi l\u00fckkunud ning statistikaamet ei tea, millal andmed avaldamisk\u00fcpseks saavad.<\/p>\n<p>Statistikaamet pidi jaanuari THI andmed avaldama 6. veebruaril, kuid ootamatult l\u00fckkas amet eelmise reede hommikuks kavandatud esitluse edasi esmasp\u00e4evale.<\/p>\n<p>Esmasp\u00e4eval selgus aga, et andmete kokkusaamiseks ei piisanud ka n\u00e4dalavahetusest.<\/p>\n<p>Statistikaameti meediasuhete juht Susann Kivi \u00fctles ERR-ile, et seda infot pole praeguseni, kuid lisas, et niipea kui aeg on paigas ja kindel, annab amet sellest teada. <\/p>\n<p>Statistikaameti peadirektor Urmet Lee \u00fctles esmasp\u00e4eval, et THI andmete viibimine ei ole tingitud \u00fcksnes sellest, et kasutusele on v\u00f5etud uus metoodika, vaid lisaks tehakse protsessi k\u00e4igus ringi ka kogu tarbijahinnaindeksi tootmine ja automatiseerimine.<\/p>\n<p>Tarbijahinnaindeksit, mis iseloomustab tarbekaupade ja teenuste hinnamuutust, kasutatakse pensionide, palkade ja elatusmiinimumi korrigeerimisel ning samuti kasutatakse seda osa pikaajaliste rendilepingute puhul.<\/p>\n","protected":false},"excerpt":{"rendered":"Jaanuarikuu tarbijahinnaindeksi (THI) andmete avaldamine on kaks korda edasi l\u00fckkunud ning statistikaamet ei tea, millal andmed avaldamisk\u00fcpseks saavad.&hellip;\n","protected":false},"author":2,"featured_media":106326,"comment_status":"","ping_status":"","sticky":false,"template":"","format":"standard","meta":{"footnotes":"","_share_on_mastodon":"0"},"categories":[5],"tags":[26,27,37,33,35,34,36,31,32,21,28,29,19,25,2559,6488,16910,23,24,22,20,30],"class_list":["post-106325","post","type-post","status-publish","format-standard","has-post-thumbnail","category-uldised-uudised","tag-breaking-news","tag-breakingnews","tag-ee","tag-eesti","tag-eesti-keel","tag-estonia","tag-estonian","tag-featured-news","tag-featurednews","tag-headlines","tag-latest-news","tag-latestnews","tag-news","tag-populaarseimad-lood","tag-statistikaamet","tag-tarbijahinnaindeks","tag-thi","tag-top-stories","tag-topstories","tag-uldised-uudised","tag-uudised","tag-viimased-uudised"],"share_on_mastodon":{"url":"https:\/\/pubeurope.com\/@ee\/116056782547283936","error":""},"_links":{"self":[{"href":"https:\/\/www.europesays.com\/ee\/wp-json\/wp\/v2\/posts\/106325","targetHints":{"allow":["GET"]}}],"collection":[{"href":"https:\/\/www.europesays.com\/ee\/wp-json\/wp\/v2\/posts"}],"about":[{"href":"https:\/\/www.europesays.com\/ee\/wp-json\/wp\/v2\/types\/post"}],"author":[{"embeddable":true,"href":"https:\/\/www.europesays.com\/ee\/wp-json\/wp\/v2\/users\/2"}],"replies":[{"embeddable":true,"href":"https:\/\/www.europesays.com\/ee\/wp-json\/wp\/v2\/comments?post=106325"}],"version-history":[{"count":0,"href":"https:\/\/www.europesays.com\/ee\/wp-json\/wp\/v2\/posts\/106325\/revisions"}],"wp:featuredmedia":[{"embeddable":true,"href":"https:\/\/www.europesays.com\/ee\/wp-json\/wp\/v2\/media\/106326"}],"wp:attachment":[{"href":"https:\/\/www.europesays.com\/ee\/wp-json\/wp\/v2\/media?parent=106325"}],"wp:term":[{"taxonomy":"category","embeddable":true,"href":"https:\/\/www.europesays.com\/ee\/wp-json\/wp\/v2\/categories?post=106325"},{"taxonomy":"post_tag","embeddable":true,"href":"https:\/\/www.europesays.com\/ee\/wp-json\/wp\/v2\/tags?post=106325"}],"curies":[{"name":"wp","href":"https:\/\/api.w.org\/{rel}","templated":true}]}}