{"id":106401,"date":"2026-02-12T10:30:07","date_gmt":"2026-02-12T10:30:07","guid":{"rendered":"https:\/\/www.europesays.com\/ee\/106401\/"},"modified":"2026-02-12T10:30:07","modified_gmt":"2026-02-12T10:30:07","slug":"video-promise-david-vajas-varava-loomiseks-vaid-10-sekundit-ja-union-sammus-karikafinaali-soccernet-ee","status":"publish","type":"post","link":"https:\/\/www.europesays.com\/ee\/106401\/","title":{"rendered":"Video: Promise David vajas v\u00e4rava l\u00f6\u00f6miseks vaid 10 sekundit ja Union sammus karikafinaali &#8211; Soccernet.ee"},"content":{"rendered":"<p><img decoding=\"async\" src=\"https:\/\/www.europesays.com\/ee\/wp-content\/uploads\/2026\/02\/1770889755.jpg\" alt=\"Promise David avas skoori juba k\u00fcmnendal sekundil. Foto: Scanpix \/ Peter De Voecht \/ PsnewZ via ZUMA Press\"\/>&#13;\n<\/p>\n<p>Endised N\u00f5mme Kalju r\u00fcndem\u00e4ngijad Promise David ja Guilherme j\u00f5udsid oma koduklubi Royale Union Saint-Gilloise&#8217;ga Belgia karikav\u00f5istluste finaali.<\/p>\n<p>Eelmisel n\u00e4dalal toimunud avam\u00e4ng j\u00e4i 0:0 viiki ja kolmap\u00e4evane korduskohtumine Unioni koduv\u00e4ljakul l\u00f5ppes v\u00f5\u00f5rustajate 4:1 v\u00f5iduga. Guilherme ja David olid Unioni algkoosseisus &#8211; nad vahetati v\u00e4lja vastavalt 80. ja 90. minutil, kui m\u00e4ngu saatus oli otsustatud.&#13;\n<\/p>\n<p>M\u00e4ngu saatuse otsustas suuresti David, kes panustas Unioni v\u00f5itu \u00fche v\u00e4rava ja \u00fche v\u00e4ravas\u00f6\u00f6duga. Ta avas skoori juba k\u00fcmnendal sekundil, aga Unioni eduseis ei p\u00fcsinud siis kaua, sest Charleroi j\u00f5udis kolmandal minutil viigini. Teisel poolajal l\u00e4ks Union siiski oma teed &#8211; David andis 50. minutil v\u00e4ravas\u00f6\u00f6du\u00a0Mohammed Fuseini tabamusele, 84. minutil skooris Ross Sykes ja 90+3. minutil Raul Florucz, kes m\u00e4ngis eelmisel hooajal Alex Matthias Tammega Ljubljana Olimpijas.&#13;\n<\/p>\n<blockquote class=\"twitter-tweet\"><p>&#13;<\/p>\n<p lang=\"en\" dir=\"ltr\">Promise David needed just 10 seconds to fire Union Saint-Gilloise into the lead against Charleroi in the Belgian Cup.\ud83e\udd2f\ud83c\udde8\ud83c\udde6 <a href=\"https:\/\/t.co\/q4B1Z2jmCl\" rel=\"nofollow\">pic.twitter.com\/q4B1Z2jmCl<\/a>&#13;<br \/>\n\u2014 TSN (@TSN_Sports) <a href=\"https:\/\/twitter.com\/TSN_Sports\/status\/2021699650705580398?ref_src=twsrc%5Etfw\" rel=\"nofollow noopener\" target=\"_blank\">February 11, 2026<\/a><\/p>\n<\/blockquote>\n<p>Karikafinaal toimub 14. mail Br\u00fcsselis, kus Union kohtub Antwerpi v\u00f5i Anderlechtiga. Antwerp v\u00f5itis avam\u00e4ngu v\u00f5\u00f5rsil 1:0, korduskohtumine toimub 12. veebruaril. Union on kolmekordne Belgia karikav\u00f5itja (1913, 1914, 2024). Mullu krooniti 12-kordseks karikav\u00f5itjaks Club Brugge, kes t\u00e4navu langes konkurentsist veerandfinaalis.&#13;\n<\/p>\n<p>2024. aasta suvel Belgiasse siirdunud David on Unioniga juba kaks tiitlit v\u00f5itnud (Belgia superkarikas 2024 ja Belgia meistritiitel 2025), kuid aasta hiljem klubiga liitunud Guilherme jahib oma esimest tiitlit. Union v\u00f5ib hooaja l\u00f5petada kahe tiitliga, sest Belgia k\u00f5rgliigas ollakse praegu liidrikohal ja l\u00e4himat j\u00e4litajat edestatakse nelja punktiga.<\/p>\n<p>Kui Guilherme l\u00f5i hiljuti Unioni eest oma deb\u00fc\u00fctv\u00e4rava, siis David on k\u00e4imasoleval hooajal k\u00f5ikide sarjade peale kokku saanud kirja 15 tabamust (\u00fcheksa Belgia k\u00f5rgliigas, neli karikasarjas ja kaks Meistrite liigas). Kahe hooajaga kokku on David aga l\u00f6\u00f6nud Unioni eest 39 v\u00e4ravat.&#13;\n<\/p>\n<p>          <script async src=\"https:\/\/platform.twitter.com\/widgets.js\" charset=\"utf-8\"><\/script><\/p>\n","protected":false},"excerpt":{"rendered":"&#13; Endised N\u00f5mme Kalju r\u00fcndem\u00e4ngijad Promise David ja Guilherme j\u00f5udsid oma koduklubi Royale Union Saint-Gilloise&#8217;ga Belgia karikav\u00f5istluste finaali.&hellip;\n","protected":false},"author":2,"featured_media":106402,"comment_status":"","ping_status":"","sticky":false,"template":"","format":"standard","meta":{"footnotes":"","_share_on_mastodon":"0"},"categories":[18],"tags":[5410,50849,50850,8043,6562,37,33,35,34,36,6564,6565,7284,159,158,6567],"class_list":["post-106401","post","type-post","status-publish","format-standard","has-post-thumbnail","category-sport","tag-belgia","tag-belgia-karikas","tag-belgia-karikavoistlused","tag-charleroi","tag-david","tag-ee","tag-eesti","tag-eesti-keel","tag-estonia","tag-estonian","tag-guilherme","tag-promise-david","tag-royale-union-saint-gilloi","tag-sport","tag-sports","tag-union"],"share_on_mastodon":{"url":"https:\/\/pubeurope.com\/@ee\/116057199273253450","error":""},"_links":{"self":[{"href":"https:\/\/www.europesays.com\/ee\/wp-json\/wp\/v2\/posts\/106401","targetHints":{"allow":["GET"]}}],"collection":[{"href":"https:\/\/www.europesays.com\/ee\/wp-json\/wp\/v2\/posts"}],"about":[{"href":"https:\/\/www.europesays.com\/ee\/wp-json\/wp\/v2\/types\/post"}],"author":[{"embeddable":true,"href":"https:\/\/www.europesays.com\/ee\/wp-json\/wp\/v2\/users\/2"}],"replies":[{"embeddable":true,"href":"https:\/\/www.europesays.com\/ee\/wp-json\/wp\/v2\/comments?post=106401"}],"version-history":[{"count":0,"href":"https:\/\/www.europesays.com\/ee\/wp-json\/wp\/v2\/posts\/106401\/revisions"}],"wp:featuredmedia":[{"embeddable":true,"href":"https:\/\/www.europesays.com\/ee\/wp-json\/wp\/v2\/media\/106402"}],"wp:attachment":[{"href":"https:\/\/www.europesays.com\/ee\/wp-json\/wp\/v2\/media?parent=106401"}],"wp:term":[{"taxonomy":"category","embeddable":true,"href":"https:\/\/www.europesays.com\/ee\/wp-json\/wp\/v2\/categories?post=106401"},{"taxonomy":"post_tag","embeddable":true,"href":"https:\/\/www.europesays.com\/ee\/wp-json\/wp\/v2\/tags?post=106401"}],"curies":[{"name":"wp","href":"https:\/\/api.w.org\/{rel}","templated":true}]}}