{"id":106470,"date":"2026-02-12T11:49:10","date_gmt":"2026-02-12T11:49:10","guid":{"rendered":"https:\/\/www.europesays.com\/ee\/106470\/"},"modified":"2026-02-12T11:49:10","modified_gmt":"2026-02-12T11:49:10","slug":"ninanips-unitedile-inglismaa-jalgpalliliit-pikendas-tucheliga-lepingut-soccernet-ee","status":"publish","type":"post","link":"https:\/\/www.europesays.com\/ee\/106470\/","title":{"rendered":"Ninanips Unitedile? Inglismaa jalgpalliliit pikendas Tucheliga lepingut &#8211; Soccernet.ee"},"content":{"rendered":"<p><img decoding=\"async\" src=\"https:\/\/www.europesays.com\/ee\/wp-content\/uploads\/2026\/02\/1770895130.jpg\" alt=\"Thomas Tuchel. Foto: Scanpix \/ John Walton \/ POOL \/ AFP\"\/>&#13;\n<\/p>\n<p>Inglismaa jalgpalliliit pikendas kahe aasta v\u00f5rra lepingut rahvusmeeskonna peatreeneri Thomas Tucheliga.<\/p>\n<p>Tuchel asus Inglismaa koondise peatreeneriks 2025. aasta alguses, s\u00f5lmides esialgu 18-kuulise lepingu, mis oleks l\u00f5ppenud 2026. aasta MM-finaalturniiri j\u00e4rel. V\u00e4rske lepingupikendus t\u00e4hendab seda, et 52-aastane sakslane on Inglismaa koondisega seotud 2028. aasta EM-finaalturniiri l\u00f5puni.&#13;\n<\/p>\n<p>BBC kirjutab, et Tucheli lepingupikendus v\u00f5ib olla seotud sellega, et Manchester United otsib endale j\u00e4rgmiseks hooajaks uut peatreenerit. United vallandas aasta alguses Ruben Amorimi ja hooaja l\u00f5puni asendab teda Michael Carrick. Tuchelit on ka varasemalt Unitediga seostatud.&#13;\n<\/p>\n<p>Klubijalgpallis on Tuchel olnud Mainzi (2009-2014), Dortmundi Borussia (2015-2017), PSG (2018-2020), Chelsea (2021-2022) ja M\u00fcncheni Bayerni (2023-2024) peatreener.<\/p>\n<p>Inglismaa koondis kuulub suvisel MM-finaalturniiril samasse alagruppi Horvaatia, Ghana ja Panamaga. Inglismaa l\u00e4bis Tucheli juhendamisel MM-valiksarja t\u00e4iseduga, kogudes kaheksast m\u00e4ngust kaheksa v\u00f5itu v\u00e4ravate vahega 22:0.\u00a0&#13;\n<\/p>\n<p>Kui t\u00e4navune MM-finaalturniir toimub USA-s, Kanadas ja Mehhikos, siis 2028. aasta EM-finaalturniir m\u00e4ngitakse Inglismaal, Iirimaal, \u0160otimaal ja Walesis.&#13;\n<\/p>\n<p>Inglismaa ainus MM-tiitel p\u00e4rineb 1966. aastast. EM-finaali on j\u00f5utud kaks korda, aga m\u00f5lemal korral on j\u00e4\u00e4dud kaotajaks, kui 2021. aastal tunnistati Itaalia ja 2024. aastal Hispaania paremust.<\/p>\n","protected":false},"excerpt":{"rendered":"&#13; Inglismaa jalgpalliliit pikendas kahe aasta v\u00f5rra lepingut rahvusmeeskonna peatreeneri Thomas Tucheliga. Tuchel asus Inglismaa koondise peatreeneriks 2025.&hellip;\n","protected":false},"author":2,"featured_media":106471,"comment_status":"","ping_status":"","sticky":false,"template":"","format":"standard","meta":{"footnotes":"","_share_on_mastodon":"0"},"categories":[18],"tags":[37,33,35,21009,34,36,1101,29175,1105,6890,159,158,10086,7730,2331],"class_list":["post-106470","post","type-post","status-publish","format-standard","has-post-thumbnail","category-sport","tag-ee","tag-eesti","tag-eesti-keel","tag-em2028","tag-estonia","tag-estonian","tag-inglismaa","tag-inglismaa-koondis","tag-manchester-united","tag-mm2026","tag-sport","tag-sports","tag-thomas-tuchel","tag-tuchel","tag-united"],"share_on_mastodon":{"url":"https:\/\/pubeurope.com\/@ee\/116057510017060691","error":""},"_links":{"self":[{"href":"https:\/\/www.europesays.com\/ee\/wp-json\/wp\/v2\/posts\/106470","targetHints":{"allow":["GET"]}}],"collection":[{"href":"https:\/\/www.europesays.com\/ee\/wp-json\/wp\/v2\/posts"}],"about":[{"href":"https:\/\/www.europesays.com\/ee\/wp-json\/wp\/v2\/types\/post"}],"author":[{"embeddable":true,"href":"https:\/\/www.europesays.com\/ee\/wp-json\/wp\/v2\/users\/2"}],"replies":[{"embeddable":true,"href":"https:\/\/www.europesays.com\/ee\/wp-json\/wp\/v2\/comments?post=106470"}],"version-history":[{"count":0,"href":"https:\/\/www.europesays.com\/ee\/wp-json\/wp\/v2\/posts\/106470\/revisions"}],"wp:featuredmedia":[{"embeddable":true,"href":"https:\/\/www.europesays.com\/ee\/wp-json\/wp\/v2\/media\/106471"}],"wp:attachment":[{"href":"https:\/\/www.europesays.com\/ee\/wp-json\/wp\/v2\/media?parent=106470"}],"wp:term":[{"taxonomy":"category","embeddable":true,"href":"https:\/\/www.europesays.com\/ee\/wp-json\/wp\/v2\/categories?post=106470"},{"taxonomy":"post_tag","embeddable":true,"href":"https:\/\/www.europesays.com\/ee\/wp-json\/wp\/v2\/tags?post=106470"}],"curies":[{"name":"wp","href":"https:\/\/api.w.org\/{rel}","templated":true}]}}