{"id":106478,"date":"2026-02-12T11:53:15","date_gmt":"2026-02-12T11:53:15","guid":{"rendered":"https:\/\/www.europesays.com\/ee\/106478\/"},"modified":"2026-02-12T11:53:15","modified_gmt":"2026-02-12T11:53:15","slug":"kuhu-kaldub-tehisaru-ja-mida-naised-teha-saavad","status":"publish","type":"post","link":"https:\/\/www.europesays.com\/ee\/106478\/","title":{"rendered":"Kuhu kaldub tehisaru ja mida naised teha saavad"},"content":{"rendered":"<p>Kas naised teaduses on teravaid jutupunkte pakkuv teema? Ilmselt on, kuna rahvusvaheliselt on p\u00e4eva \u00abNaised ja t\u00fcdrukud teaduses\u00bb t\u00e4histatud 2015. aastast. Eestis on seda peetud 2021. aastast ning praegu t\u00e4histatakse Tartu \u00fclikoolis naiste ja teaduse teeman\u00e4dalat.<\/p>\n<p>\u00abNaised teaduses\u00bb Eestis t\u00e4histamise \u00fcks algatajaid on Tartu \u00fclikooli arheokeemiaprofessor Ester Oras, kes leiab, et karj\u00e4\u00e4ril ei ole sugu.<\/p>\n","protected":false},"excerpt":{"rendered":"Kas naised teaduses on teravaid jutupunkte pakkuv teema? Ilmselt on, kuna rahvusvaheliselt on p\u00e4eva \u00abNaised ja t\u00fcdrukud teaduses\u00bb&hellip;\n","protected":false},"author":2,"featured_media":106479,"comment_status":"","ping_status":"","sticky":false,"template":"","format":"standard","meta":{"footnotes":"","_share_on_mastodon":"0"},"categories":[5],"tags":[50859,45862,26,27,409,37,33,35,50860,18426,34,36,31,32,21,50862,28,29,50863,6076,2957,19,25,50864,50861,2424,814,23,24,22,20,30],"class_list":["post-106478","post","type-post","status-publish","format-standard","has-post-thumbnail","category-uldised-uudised","tag-algoritmne-kallutatus","tag-andra-siibak","tag-breaking-news","tag-breakingnews","tag-ebavordsus","tag-ee","tag-eesti","tag-eesti-keel","tag-eneken-riin-salong","tag-ester-oras","tag-estonia","tag-estonian","tag-featured-news","tag-featurednews","tag-headlines","tag-helen-eenmaa","tag-latest-news","tag-latestnews","tag-liina-kamm","tag-markus-villig","tag-naised","tag-news","tag-populaarseimad-lood","tag-raili-marling","tag-sten-torpan","tag-tartu-ulikool","tag-tehisaru","tag-top-stories","tag-topstories","tag-uldised-uudised","tag-uudised","tag-viimased-uudised"],"share_on_mastodon":{"url":"https:\/\/pubeurope.com\/@ee\/116057525640595923","error":""},"_links":{"self":[{"href":"https:\/\/www.europesays.com\/ee\/wp-json\/wp\/v2\/posts\/106478","targetHints":{"allow":["GET"]}}],"collection":[{"href":"https:\/\/www.europesays.com\/ee\/wp-json\/wp\/v2\/posts"}],"about":[{"href":"https:\/\/www.europesays.com\/ee\/wp-json\/wp\/v2\/types\/post"}],"author":[{"embeddable":true,"href":"https:\/\/www.europesays.com\/ee\/wp-json\/wp\/v2\/users\/2"}],"replies":[{"embeddable":true,"href":"https:\/\/www.europesays.com\/ee\/wp-json\/wp\/v2\/comments?post=106478"}],"version-history":[{"count":0,"href":"https:\/\/www.europesays.com\/ee\/wp-json\/wp\/v2\/posts\/106478\/revisions"}],"wp:featuredmedia":[{"embeddable":true,"href":"https:\/\/www.europesays.com\/ee\/wp-json\/wp\/v2\/media\/106479"}],"wp:attachment":[{"href":"https:\/\/www.europesays.com\/ee\/wp-json\/wp\/v2\/media?parent=106478"}],"wp:term":[{"taxonomy":"category","embeddable":true,"href":"https:\/\/www.europesays.com\/ee\/wp-json\/wp\/v2\/categories?post=106478"},{"taxonomy":"post_tag","embeddable":true,"href":"https:\/\/www.europesays.com\/ee\/wp-json\/wp\/v2\/tags?post=106478"}],"curies":[{"name":"wp","href":"https:\/\/api.w.org\/{rel}","templated":true}]}}