{"id":106510,"date":"2026-02-12T12:25:05","date_gmt":"2026-02-12T12:25:05","guid":{"rendered":"https:\/\/www.europesays.com\/ee\/106510\/"},"modified":"2026-02-12T12:25:05","modified_gmt":"2026-02-12T12:25:05","slug":"ilm-kisub-tuisuseks-jarva-teataja","status":"publish","type":"post","link":"https:\/\/www.europesays.com\/ee\/106510\/","title":{"rendered":"Ilm kisub tuisuseks &#8211; J\u00e4rva Teataja"},"content":{"rendered":"<ol>\n<li><a href=\"https:\/\/news.google.com\/rss\/articles\/CBMibkFVX3lxTFB2YUg2T1hTaDJiYUY3Z0Vwd0xIRWdxN3FlOWJxQU5UTDNwemxiOEMtd0VXWEFyMmYwRFZfc25mT2VYam5XN2kxTlVGdHdzWGQ0blJ3bTFhNVhPT0NSNjd1RnRyOFNNUXZVNlV6bXBB?oc=5\" target=\"_blank\" rel=\"nofollow noopener\">Ilm kisub tuisuseks<\/a>&nbsp;&nbsp;J\u00e4rva Teataja<\/li>\n<li><a href=\"https:\/\/news.google.com\/rss\/articles\/CBMigAFBVV95cUxNR05GTndkOVNzODdqT050eVJDZnVMdFJNLU1hVXlXNzYxbGxyXzRDaTFfd2pZOHZlSVd0OHZFTXFvVjV5UDAtRFBEVFZVYkhmTVUwXzZxUjRYNUFXeUNGc2MyRFM2SWFldE9nREs4T2IyeTZNQ0hybWdua1hMUDJCRA?oc=5\" target=\"_blank\" rel=\"nofollow noopener\">N\u00e4dalal\u00f5pp tuleb tiheda lumesaju ja tuisuga<\/a>&nbsp;&nbsp;\u00d5htuleht<\/li>\n<li><a href=\"https:\/\/news.google.com\/rss\/articles\/CBMickFVX3lxTE5ncVNTU21xLUUwZW9kMEt0X1poMS00NnZvSWZibjZHS0ZZU0tqTnJUem1semQtUXE2VURlZEJKZDQ3b0JYU3otNHdMUS1zNzVVbERsVnpwOW9CMktiejRMMENzTjNRT05qTkNxQVItSXBCZw?oc=5\" target=\"_blank\" rel=\"nofollow noopener\">Kolmap\u00e4ev tuleb m\u00f5\u00f5duka lumesajuga<\/a>&nbsp;&nbsp;ERR<\/li>\n<li><a href=\"https:\/\/news.google.com\/rss\/articles\/CBMi3AFBVV95cUxPVkphUzE1Yl9ZTzNDQ0o0UlNkT1lpVS1DNXkyY0tFRHpnZkNpQlR1bFBiUmZUTkRBcmQ4WWJEcjVDNUpIVzdGVjlvV095X0ktckZ5bGh2bHJlY2pZQmIzWV9IWk5zRlk1R282WXNNdzJFSTBwd0NzRTVxUFgyMUZIblFVY2ZLZS1EMjFCRzVnUERXTE42aVIxY1B4WVNXcjZWSl90NWFDTGR4cUlodG04S1dTVlJXQ0F3Sl9tX09FMm1ra19LQmJ4T28wcEo5ak9uVFZpS296bXFscWhy?oc=5\" target=\"_blank\" rel=\"nofollow noopener\">L\u00f5unanaabritele lubatakse n\u00e4dalavahetuseks selle talve tugevaimat lumesadu. Kas see j\u00f5uab ka Eestisse?<\/a>&nbsp;&nbsp;Maaleht<\/li>\n<li><a href=\"https:\/\/news.google.com\/rss\/articles\/CBMie0FVX3lxTFBDQTFMVkE4dkdpWkRRN1lqUzh0X1RxUkRzZlRubmphT1VOZGFHRXdqeWVBbVoyWTV2aEkxeXJSWTlaOWZVbjQyTHBaME5RSEFtMS1GWnhPMGhub3QyZTd0UzNtLVQ3Qzl4N2RyU25UM0hEaXBxY25WV01Ccw?oc=5\" target=\"_blank\" rel=\"nofollow noopener\">AHTO ILMAJUTUD | Talver\u00f5\u00f5me saab nautida veel pikalt<\/a>&nbsp;&nbsp;Hiiu Leht<\/li>\n<\/ol>\n","protected":false},"excerpt":{"rendered":"Ilm kisub tuisuseks&nbsp;&nbsp;J\u00e4rva Teataja N\u00e4dalal\u00f5pp tuleb tiheda lumesaju ja tuisuga&nbsp;&nbsp;\u00d5htuleht Kolmap\u00e4ev tuleb m\u00f5\u00f5duka lumesajuga&nbsp;&nbsp;ERR L\u00f5unanaabritele lubatakse n\u00e4dalavahetuseks selle&hellip;\n","protected":false},"author":2,"featured_media":106511,"comment_status":"","ping_status":"","sticky":false,"template":"","format":"standard","meta":{"footnotes":"","_share_on_mastodon":"0"},"categories":[12],"tags":[26,27,37,33,35,34,36,31,32,21,28,29,50887,19,25,23,24,30867,22,20,30],"class_list":["post-106510","post","type-post","status-publish","format-standard","has-post-thumbnail","category-eesti","tag-breaking-news","tag-breakingnews","tag-ee","tag-eesti","tag-eesti-keel","tag-estonia","tag-estonian","tag-featured-news","tag-featurednews","tag-headlines","tag-latest-news","tag-latestnews","tag-lumetuisk","tag-news","tag-populaarseimad-lood","tag-top-stories","tag-topstories","tag-tuisk","tag-uldised-uudised","tag-uudised","tag-viimased-uudised"],"share_on_mastodon":{"url":"https:\/\/pubeurope.com\/@ee\/116057651515686165","error":""},"_links":{"self":[{"href":"https:\/\/www.europesays.com\/ee\/wp-json\/wp\/v2\/posts\/106510","targetHints":{"allow":["GET"]}}],"collection":[{"href":"https:\/\/www.europesays.com\/ee\/wp-json\/wp\/v2\/posts"}],"about":[{"href":"https:\/\/www.europesays.com\/ee\/wp-json\/wp\/v2\/types\/post"}],"author":[{"embeddable":true,"href":"https:\/\/www.europesays.com\/ee\/wp-json\/wp\/v2\/users\/2"}],"replies":[{"embeddable":true,"href":"https:\/\/www.europesays.com\/ee\/wp-json\/wp\/v2\/comments?post=106510"}],"version-history":[{"count":0,"href":"https:\/\/www.europesays.com\/ee\/wp-json\/wp\/v2\/posts\/106510\/revisions"}],"wp:featuredmedia":[{"embeddable":true,"href":"https:\/\/www.europesays.com\/ee\/wp-json\/wp\/v2\/media\/106511"}],"wp:attachment":[{"href":"https:\/\/www.europesays.com\/ee\/wp-json\/wp\/v2\/media?parent=106510"}],"wp:term":[{"taxonomy":"category","embeddable":true,"href":"https:\/\/www.europesays.com\/ee\/wp-json\/wp\/v2\/categories?post=106510"},{"taxonomy":"post_tag","embeddable":true,"href":"https:\/\/www.europesays.com\/ee\/wp-json\/wp\/v2\/tags?post=106510"}],"curies":[{"name":"wp","href":"https:\/\/api.w.org\/{rel}","templated":true}]}}