{"id":106550,"date":"2026-02-12T13:18:08","date_gmt":"2026-02-12T13:18:08","guid":{"rendered":"https:\/\/www.europesays.com\/ee\/106550\/"},"modified":"2026-02-12T13:18:08","modified_gmt":"2026-02-12T13:18:08","slug":"mullu-levadias-ja-tammekas-manginud-rundaja-siirdus-hispaania-tugevuselt-viiendasse-liigasse-soccernet-ee","status":"publish","type":"post","link":"https:\/\/www.europesays.com\/ee\/106550\/","title":{"rendered":"Mullu Levadias ja Tammekas m\u00e4nginud r\u00fcndaja siirdus Hispaania tugevuselt viiendasse liigasse &#8211; Soccernet.ee"},"content":{"rendered":"<p><img decoding=\"async\" src=\"https:\/\/www.europesays.com\/ee\/wp-content\/uploads\/2026\/02\/1770900327.jpg\" alt=\"Mousta Bah. Foto: Katariina Peetson \/ jalgpall.ee\"\/>&#13;\n<\/p>\n<p>Eelmisel hooajal FCI Levadia ja Tartu Tammeka eest m\u00e4nginud 20-aastase Guinea r\u00fcndaja Moustapha Bahi karj\u00e4\u00e4r j\u00e4tkub Hispaania tugevuselt viienda liiga klubis Peralada.<\/p>\n<p>2024. aasta suvel Levadiaga liitunud Bah m\u00e4ngis Eestis poolteist hooaega, saades Premium liigas kirja 30 kohtumist, viis v\u00e4ravat ja kolm v\u00e4ravas\u00f6\u00f6tu. Mullu suvel siirdus guinalane Levadiast laenule Tammekasse. Bah l\u00f5i Eestis k\u00f5ikide sarjade (Premium liiga, Esiliiga, Tipneri karikav\u00f5istlused) peale kokku 44 m\u00e4nguga 16 v\u00e4ravat.&#13;\n<\/p>\n<p>Tema uus koduklubi Peralada asub Hispaania tugevuselt viiendas liigas oma piirkonnas 18 meeskonna konkurentsis seitsmendal kohal, kaotades 21 vooru j\u00e4rel liidrile vaid seitsme punktiga.&#13;\n<\/p>\n<p>Samal liigatasandil, aga erinevates piirkondades m\u00e4ngivad ka Carlos Torres (Soneja) ja Henri K\u00e4blik (Viveiro). Torres tegi hiljuti Soneja ridades deb\u00fc\u00fcdi ja K\u00e4blik l\u00f5i Viveiro eest deb\u00fc\u00fctv\u00e4rava.<\/p>\n","protected":false},"excerpt":{"rendered":"&#13; Eelmisel hooajal FCI Levadia ja Tartu Tammeka eest m\u00e4nginud 20-aastase Guinea r\u00fcndaja Moustapha Bahi karj\u00e4\u00e4r j\u00e4tkub Hispaania&hellip;\n","protected":false},"author":2,"featured_media":106551,"comment_status":"","ping_status":"","sticky":false,"template":"","format":"standard","meta":{"footnotes":"","_share_on_mastodon":"0"},"categories":[18],"tags":[12839,37,33,35,34,36,110,1358,837,12845,28166,50903,167,159,158,701],"class_list":["post-106550","post","type-post","status-publish","format-standard","has-post-thumbnail","category-sport","tag-bah","tag-ee","tag-eesti","tag-eesti-keel","tag-estonia","tag-estonian","tag-hispaania","tag-levadia","tag-meistriliiga","tag-mousta-bah","tag-moustapha-bah","tag-peralada","tag-premium-liiga","tag-sport","tag-sports","tag-tammeka"],"share_on_mastodon":{"url":"https:\/\/pubeurope.com\/@ee\/116057859849420954","error":""},"_links":{"self":[{"href":"https:\/\/www.europesays.com\/ee\/wp-json\/wp\/v2\/posts\/106550","targetHints":{"allow":["GET"]}}],"collection":[{"href":"https:\/\/www.europesays.com\/ee\/wp-json\/wp\/v2\/posts"}],"about":[{"href":"https:\/\/www.europesays.com\/ee\/wp-json\/wp\/v2\/types\/post"}],"author":[{"embeddable":true,"href":"https:\/\/www.europesays.com\/ee\/wp-json\/wp\/v2\/users\/2"}],"replies":[{"embeddable":true,"href":"https:\/\/www.europesays.com\/ee\/wp-json\/wp\/v2\/comments?post=106550"}],"version-history":[{"count":0,"href":"https:\/\/www.europesays.com\/ee\/wp-json\/wp\/v2\/posts\/106550\/revisions"}],"wp:featuredmedia":[{"embeddable":true,"href":"https:\/\/www.europesays.com\/ee\/wp-json\/wp\/v2\/media\/106551"}],"wp:attachment":[{"href":"https:\/\/www.europesays.com\/ee\/wp-json\/wp\/v2\/media?parent=106550"}],"wp:term":[{"taxonomy":"category","embeddable":true,"href":"https:\/\/www.europesays.com\/ee\/wp-json\/wp\/v2\/categories?post=106550"},{"taxonomy":"post_tag","embeddable":true,"href":"https:\/\/www.europesays.com\/ee\/wp-json\/wp\/v2\/tags?post=106550"}],"curies":[{"name":"wp","href":"https:\/\/api.w.org\/{rel}","templated":true}]}}