{"id":106750,"date":"2026-02-12T17:35:07","date_gmt":"2026-02-12T17:35:07","guid":{"rendered":"https:\/\/www.europesays.com\/ee\/106750\/"},"modified":"2026-02-12T17:35:07","modified_gmt":"2026-02-12T17:35:07","slug":"lufthansa-pilootide-ja-salongipersonali-streik-sundis-ettevotet-tuhistama-ligi-800-lendu","status":"publish","type":"post","link":"https:\/\/www.europesays.com\/ee\/106750\/","title":{"rendered":"Lufthansa pilootide ja salongipersonali streik sundis ettev\u00f5tet t\u00fchistama ligi 800 lendu"},"content":{"rendered":"<p>Lufthansa \u00fctles avalduses, et lendude t\u00fchistamine m\u00f5jutab reisijaid \u00e4\u00e4rmiselt karmilt ja ebaproportsionaalselt, h\u00e4irides ligi 100 000 inimese reisiplaane. Lennufirma Saksamaa s\u00f5lmpunktide Frankfurdi ja M\u00fcncheni v\u00e4ljumistahvlid n\u00e4itasid, et enamik lende t\u00fchistati.<\/p>\n<p>Ettev\u00f5te teatas varem, et p\u00fc\u00fcab m\u00f5jutatud reisijate v\u00e4ljumised automaatselt \u00fcmber broneerida teistele enda v\u00f5i partnerlennufirmade lendudele. Ettev\u00f5tte s\u00f5nul loodavad nad j\u00e4tkata tavap\u00e4rase lennutegevusega homsest.<\/p>\n<p>T\u00f6\u00f6seisaku korraldasid pilootide ameti\u00fching VC ning salongipersonali esindav ameti\u00fching UFO. Streigis osaleb ligikaudu 4800 pilooti ja 20 000 salongipersonali liiget.<\/p>\n<p>VC teatel on streigi keskmes erimeelsused pensionis\u00fcsteemi tingimuste osas. VC hinnangul anti ettev\u00f5ttele mitu kuud aega kompromissi leidmiseks, kuid p\u00e4rast seitset l\u00e4bir\u00e4\u00e4kimisvooru pole kokkuleppele j\u00f5utud.<\/p>\n<p>Salongipersonali esindav UFO aga kutsus <a rel=\"noopener nofollow\" target=\"_blank\" href=\"https:\/\/www.delfi.ee\/teema\/26936555\/streik\" tag-id=\"26936555\">streikima<\/a> Lufthansa t\u00fctarettev\u00f5tte CityLine\u2019i t\u00f6\u00f6tajaid seoses ettev\u00f5tte plaaniga peatada CityLine\u2019i lennutegevus. Ameti\u00fchingu v\u00e4itel ei soovi t\u00f6\u00f6andja pidada l\u00e4bir\u00e4\u00e4kimisi kollektiivse sotsiaalplaani \u00fcle.<\/p>\n<p>Lufthansa personalijuht Michael Niggemann nimetas t\u00e4nast streiki ebavajalikuks eskalatsiooniks. Tema s\u00f5nul pole edasised kulude t\u00f5usud vastuv\u00f5etavad, arvestades ettev\u00f5tte majanduslikku olukorda.<\/p>\n<p>Kuidas see lugu Sind end tundma pani? Saada <a href=\"https:\/\/www.delfi.ee\/artikkel\/120435847\/lufthansa-pilootide-ja-salongipersonali-streik-sundis-ettevotet-tuhistama-ligi-800-lendu\/kommentaarid\" class=\"article-body-bottom__comment article-body-bottom__comment--write button button--primary button--size-auto\" rel=\"nofollow noopener\" target=\"_blank\"> Kommenteeri <\/a><a href=\"https:\/\/www.delfi.ee\/artikkel\/120435847\/lufthansa-pilootide-ja-salongipersonali-streik-sundis-ettevotet-tuhistama-ligi-800-lendu\/kommentaarid\" class=\"article-body-bottom__comment article-body-bottom__comment--read button button--size-auto\" rel=\"nofollow noopener\" target=\"_blank\"> Loe kommentaare <\/a><\/p>\n","protected":false},"excerpt":{"rendered":"Lufthansa \u00fctles avalduses, et lendude t\u00fchistamine m\u00f5jutab reisijaid \u00e4\u00e4rmiselt karmilt ja ebaproportsionaalselt, h\u00e4irides ligi 100 000 inimese reisiplaane.&hellip;\n","protected":false},"author":2,"featured_media":106751,"comment_status":"","ping_status":"","sticky":false,"template":"","format":"standard","meta":{"footnotes":"","_share_on_mastodon":"0"},"categories":[80],"tags":[26,27,37,33,35,34,36,31,32,21,28,29,4683,95,19,25,51,1262,23,24,22,20,30,92,93,94],"class_list":["post-106750","post","type-post","status-publish","format-standard","has-post-thumbnail","category-maailm","tag-breaking-news","tag-breakingnews","tag-ee","tag-eesti","tag-eesti-keel","tag-estonia","tag-estonian","tag-featured-news","tag-featurednews","tag-headlines","tag-latest-news","tag-latestnews","tag-lufthansa","tag-maailm","tag-news","tag-populaarseimad-lood","tag-saksamaa","tag-streik","tag-top-stories","tag-topstories","tag-uldised-uudised","tag-uudised","tag-viimased-uudised","tag-world","tag-world-news","tag-worldnews"],"share_on_mastodon":{"url":"https:\/\/pubeurope.com\/@ee\/116058870467534311","error":""},"_links":{"self":[{"href":"https:\/\/www.europesays.com\/ee\/wp-json\/wp\/v2\/posts\/106750","targetHints":{"allow":["GET"]}}],"collection":[{"href":"https:\/\/www.europesays.com\/ee\/wp-json\/wp\/v2\/posts"}],"about":[{"href":"https:\/\/www.europesays.com\/ee\/wp-json\/wp\/v2\/types\/post"}],"author":[{"embeddable":true,"href":"https:\/\/www.europesays.com\/ee\/wp-json\/wp\/v2\/users\/2"}],"replies":[{"embeddable":true,"href":"https:\/\/www.europesays.com\/ee\/wp-json\/wp\/v2\/comments?post=106750"}],"version-history":[{"count":0,"href":"https:\/\/www.europesays.com\/ee\/wp-json\/wp\/v2\/posts\/106750\/revisions"}],"wp:featuredmedia":[{"embeddable":true,"href":"https:\/\/www.europesays.com\/ee\/wp-json\/wp\/v2\/media\/106751"}],"wp:attachment":[{"href":"https:\/\/www.europesays.com\/ee\/wp-json\/wp\/v2\/media?parent=106750"}],"wp:term":[{"taxonomy":"category","embeddable":true,"href":"https:\/\/www.europesays.com\/ee\/wp-json\/wp\/v2\/categories?post=106750"},{"taxonomy":"post_tag","embeddable":true,"href":"https:\/\/www.europesays.com\/ee\/wp-json\/wp\/v2\/tags?post=106750"}],"curies":[{"name":"wp","href":"https:\/\/api.w.org\/{rel}","templated":true}]}}