{"id":106787,"date":"2026-02-12T18:30:07","date_gmt":"2026-02-12T18:30:07","guid":{"rendered":"https:\/\/www.europesays.com\/ee\/106787\/"},"modified":"2026-02-12T18:30:07","modified_gmt":"2026-02-12T18:30:07","slug":"trump-lopetab-proteste-pohjustanud-minnesota-immigratsioonioperatsiooni","status":"publish","type":"post","link":"https:\/\/www.europesays.com\/ee\/106787\/","title":{"rendered":"Trump l\u00f5petab proteste p\u00f5hjustanud Minnesota immigratsioonioperatsiooni"},"content":{"rendered":"<p>USA presidendi Donald Trumpi esindaja teatas neljap\u00e4eval Minnesotas toimunud agressiivse immigratsioonioperatsiooni l\u00f5petamisest p\u00e4rast seda, kui kahe USA kodaniku tapmine p\u00f5hjustas ulatuslikud protestid ja \u00fcleriigilise pahameele.<\/p>\n<p>Tuhanded f\u00f6deraalagendid, sealhulgas immigratsiooni- ja tolliameti (ICE) ametnikud, viisid Minnesotas n\u00e4dalaid l\u00e4bi laiaulatuslikke haaranguid ja vahistamisi, mis administratsiooni v\u00e4itel olid sihip\u00e4rased missioonid kurjategijate vastu.<\/p>\n","protected":false},"excerpt":{"rendered":"USA presidendi Donald Trumpi esindaja teatas neljap\u00e4eval Minnesotas toimunud agressiivse immigratsioonioperatsiooni l\u00f5petamisest p\u00e4rast seda, kui kahe USA kodaniku&hellip;\n","protected":false},"author":2,"featured_media":106788,"comment_status":"","ping_status":"","sticky":false,"template":"","format":"standard","meta":{"footnotes":"","_share_on_mastodon":"0"},"categories":[80],"tags":[45511,26,27,324,37,33,35,34,36,31,32,50985,21,3461,50984,50983,42705,28,29,95,28885,19,25,42706,29394,1292,23,24,22,462,20,30,92,93,94],"class_list":["post-106787","post","type-post","status-publish","format-standard","has-post-thumbnail","category-maailm","tag-alex-pretti","tag-breaking-news","tag-breakingnews","tag-donald-trump","tag-ee","tag-eesti","tag-eesti-keel","tag-estonia","tag-estonian","tag-featured-news","tag-featurednews","tag-gregory-bovino","tag-headlines","tag-ice","tag-immigratsiooni-ja-tolliamet","tag-immigratsioonioperatsioon","tag-jacob-frey","tag-latest-news","tag-latestnews","tag-maailm","tag-minnesota","tag-news","tag-populaarseimad-lood","tag-renee-good","tag-tim-walz","tag-tom-homan","tag-top-stories","tag-topstories","tag-uldised-uudised","tag-usa-president","tag-uudised","tag-viimased-uudised","tag-world","tag-world-news","tag-worldnews"],"share_on_mastodon":{"url":"","error":"Validation failed: Text character limit of 500 exceeded"},"_links":{"self":[{"href":"https:\/\/www.europesays.com\/ee\/wp-json\/wp\/v2\/posts\/106787","targetHints":{"allow":["GET"]}}],"collection":[{"href":"https:\/\/www.europesays.com\/ee\/wp-json\/wp\/v2\/posts"}],"about":[{"href":"https:\/\/www.europesays.com\/ee\/wp-json\/wp\/v2\/types\/post"}],"author":[{"embeddable":true,"href":"https:\/\/www.europesays.com\/ee\/wp-json\/wp\/v2\/users\/2"}],"replies":[{"embeddable":true,"href":"https:\/\/www.europesays.com\/ee\/wp-json\/wp\/v2\/comments?post=106787"}],"version-history":[{"count":0,"href":"https:\/\/www.europesays.com\/ee\/wp-json\/wp\/v2\/posts\/106787\/revisions"}],"wp:featuredmedia":[{"embeddable":true,"href":"https:\/\/www.europesays.com\/ee\/wp-json\/wp\/v2\/media\/106788"}],"wp:attachment":[{"href":"https:\/\/www.europesays.com\/ee\/wp-json\/wp\/v2\/media?parent=106787"}],"wp:term":[{"taxonomy":"category","embeddable":true,"href":"https:\/\/www.europesays.com\/ee\/wp-json\/wp\/v2\/categories?post=106787"},{"taxonomy":"post_tag","embeddable":true,"href":"https:\/\/www.europesays.com\/ee\/wp-json\/wp\/v2\/tags?post=106787"}],"curies":[{"name":"wp","href":"https:\/\/api.w.org\/{rel}","templated":true}]}}