{"id":106806,"date":"2026-02-12T19:12:06","date_gmt":"2026-02-12T19:12:06","guid":{"rendered":"https:\/\/www.europesays.com\/ee\/106806\/"},"modified":"2026-02-12T19:12:06","modified_gmt":"2026-02-12T19:12:06","slug":"olumpiahoki-%e2%9f%a9-tsehhist-ei-olnud-uheksakordsele-olumpiavoitjale-vastast-postimees-sport","status":"publish","type":"post","link":"https:\/\/www.europesays.com\/ee\/106806\/","title":{"rendered":"OL\u00dcMPIAHOKI \u27e9 T\u0161ehhist ei olnud \u00fcheksakordsele ol\u00fcmpiav\u00f5itjale vastast &#8211; Postimees Sport"},"content":{"rendered":"<ol>\n<li><a href=\"https:\/\/news.google.com\/rss\/articles\/CBMipgFBVV95cUxOWVVaZGphV09KYkY4V3QtSGxHeVh0akwwMzVTOGR1ckhlellOaHlCMkpNZng5d1hLQnhDalhUQnVQbjE2LU5pMlhwTjNYMXk3TEtjbWo3a2NQRTFoX2s5LV9YeTJnR0MyUWZwc3d6YW4yRUt6cmtXQXRlNE9SQ2R2RXR6ZXhsczNXakZNaUwyUEZ0a0VZaEJvU1lPMERWdzM3V3FVcWZR?oc=5\" target=\"_blank\" rel=\"nofollow noopener\">OL\u00dcMPIAHOKI \u27e9 T\u0161ehhist ei olnud \u00fcheksakordsele ol\u00fcmpiav\u00f5itjale vastast<\/a>&nbsp;&nbsp;Postimees Sport<\/li>\n<li><a href=\"https:\/\/news.google.com\/rss\/articles\/CBMiowFBVV95cUxNbHhselgwYWNOMnlteEk0MlZySWtMWXBtMnpVR1pzZEo3eXVOWDdxUnZjRHNRS19OMEVpMWVaOEdrR3dQUnZXVjJ1a0RNeUxueVhpcW9VQTRHd1VKSXRiQUNiVFRyY3htXzhXUjJOWUw0V0hEVnZ3Q3NadGhac1RGNTlqS1lYUlA2VVEyVV9OREQwVElQODdDVkRBUEFYbmp4TzRn?oc=5\" target=\"_blank\" rel=\"nofollow noopener\">T\u00c4NA OTSE | Staaridest kubisev Kanada j\u00e4\u00e4hokikoondis alustab kullajahti<\/a>&nbsp;&nbsp;sport | ERR<\/li>\n<li><a href=\"https:\/\/news.google.com\/rss\/articles\/CBMitwFBVV95cUxPMEc1V29UMGFYV0dzUjMxX1RRdnB6VzNUQVZOTWVrZ05KOFlMWEhCbUYySGF4MGh5cVduWEQyVjhIeEw4LXBnakpMVExLYVVHODFwbHJXNmx4b2toRVBIUXU0TG1Ka1dSMlNzVnRYWmtkR2hOdFVSVzF1THlORG95UE90QmJ6WUJGM1I5SWJwLU1xU1hXamVoSkZnYS11V18wS2dJRGIzOWxvQ082ZFFoRE40RDRoZ28?oc=5\" target=\"_blank\" rel=\"nofollow noopener\">Ol\u00fcmpiak\u00fclast sai villand? Crosby ja teised Kanada hokit\u00e4hed kolivad luksushotelli<\/a>&nbsp;&nbsp;Postimees Sport<\/li>\n<li><a href=\"https:\/\/news.google.com\/rss\/articles\/CBMizAFBVV95cUxPb2pFY2RBV0czR0xYU2dqQUpNMmFzdnI3WVlua3RubEs1RzNQM1NDRjJaNmlDRXBxNlBvZUJQZlRHa2dHb2RvVGtFa1E3eTJVZEdnQTg0U19PZVpNcVBnY3BxNGE2a1lLQW5kUHdNMVFza0ctUjRBWkFZUUkyWE96cUpCSDY5TDgwdUtUSFRxaS16UWV2MnpGQ2ZNVkVCN3VudlFLbkE1bzJFT29uZ3VhODUxbFZCMHZnNzBzcG5hX3F0VTJCVkpqSTZmMWY?oc=5\" target=\"_blank\" rel=\"nofollow noopener\">NHL-i staarid on p\u00e4rast 12 aastat ol\u00fcmpial tagasi. \u201eSellest suuremaks asi enam eriti ei l\u00e4he\u201c<\/a>&nbsp;&nbsp;Delfi Sport<\/li>\n<li><a href=\"https:\/\/news.google.com\/rss\/articles\/CBMikgFBVV95cUxPb1ppbW9fOVNweXp0RGFiWHVkcEVHdDl4OXktQUpaUTE2MUR3emo3dkZrQ041TUxmbnRNeTY4bWEwTHdUa2N6VE9obFBxVjFhc21yVzB6SW1NZmY2S3psUWo2QmIyTjZ0UzlBWVk4MmMyZlN5eXF3ajFMcDRxUGJMd2t3S2NENkpfSVRLNTZ2czJkZw?oc=5\" target=\"_blank\" rel=\"nofollow noopener\">Kanada hokikoondis pidi tegema koosseisus kaks muudatust<\/a>&nbsp;&nbsp;sport | ERR<\/li>\n<\/ol>\n","protected":false},"excerpt":{"rendered":"OL\u00dcMPIAHOKI \u27e9 T\u0161ehhist ei olnud \u00fcheksakordsele ol\u00fcmpiav\u00f5itjale vastast&nbsp;&nbsp;Postimees Sport T\u00c4NA OTSE | Staaridest kubisev Kanada j\u00e4\u00e4hokikoondis alustab kullajahti&nbsp;&nbsp;sport&hellip;\n","protected":false},"author":2,"featured_media":106807,"comment_status":"","ping_status":"","sticky":false,"template":"","format":"standard","meta":{"footnotes":"","_share_on_mastodon":"0"},"categories":[18],"tags":[50988,37,33,35,34,36,19248,50987,29873,159,158,50986],"class_list":["post-106806","post","type-post","status-publish","format-standard","has-post-thumbnail","category-sport","tag-damien-riat","tag-ee","tag-eesti","tag-eesti-keel","tag-estonia","tag-estonian","tag-macklin-celebrini","tag-mark-stone","tag-nathan-mackinnon","tag-sport","tag-sports","tag-timo-meier"],"share_on_mastodon":{"url":"https:\/\/pubeurope.com\/@ee\/116059251831325275","error":""},"_links":{"self":[{"href":"https:\/\/www.europesays.com\/ee\/wp-json\/wp\/v2\/posts\/106806","targetHints":{"allow":["GET"]}}],"collection":[{"href":"https:\/\/www.europesays.com\/ee\/wp-json\/wp\/v2\/posts"}],"about":[{"href":"https:\/\/www.europesays.com\/ee\/wp-json\/wp\/v2\/types\/post"}],"author":[{"embeddable":true,"href":"https:\/\/www.europesays.com\/ee\/wp-json\/wp\/v2\/users\/2"}],"replies":[{"embeddable":true,"href":"https:\/\/www.europesays.com\/ee\/wp-json\/wp\/v2\/comments?post=106806"}],"version-history":[{"count":0,"href":"https:\/\/www.europesays.com\/ee\/wp-json\/wp\/v2\/posts\/106806\/revisions"}],"wp:featuredmedia":[{"embeddable":true,"href":"https:\/\/www.europesays.com\/ee\/wp-json\/wp\/v2\/media\/106807"}],"wp:attachment":[{"href":"https:\/\/www.europesays.com\/ee\/wp-json\/wp\/v2\/media?parent=106806"}],"wp:term":[{"taxonomy":"category","embeddable":true,"href":"https:\/\/www.europesays.com\/ee\/wp-json\/wp\/v2\/categories?post=106806"},{"taxonomy":"post_tag","embeddable":true,"href":"https:\/\/www.europesays.com\/ee\/wp-json\/wp\/v2\/tags?post=106806"}],"curies":[{"name":"wp","href":"https:\/\/api.w.org\/{rel}","templated":true}]}}