{"id":106808,"date":"2026-02-12T19:14:06","date_gmt":"2026-02-12T19:14:06","guid":{"rendered":"https:\/\/www.europesays.com\/ee\/106808\/"},"modified":"2026-02-12T19:14:06","modified_gmt":"2026-02-12T19:14:06","slug":"trumpi-administratsioon-lopetab-immigratsiooniameti-operatsiooni-minnesota-osariigis","status":"publish","type":"post","link":"https:\/\/www.europesays.com\/ee\/106808\/","title":{"rendered":"Trumpi administratsioon l\u00f5petab immigratsiooniameti operatsiooni Minnesota osariigis"},"content":{"rendered":"<p>\u201eOleme siin viimase paari n\u00e4dala jooksul n\u00e4inud suurt muutust,\u201c \u00fctles Homan Minnesota pealinnas Minneapolises toimunud pressikonverentsil, m\u00e4rkides, et linnas on immigratsioonimeetmete j\u00f5ustamissihtm\u00e4rkide arv oluliselt v\u00e4henenud.<\/p>\n<p>Operatsioon sai alguse m\u00f6\u00f6dunud aasta detsembris, kui Trumpi administratsioon saatis Minneapolisesse \u00fcle 3000 ICE-i agendi. Eelmisel n\u00e4dalal teatas Homan 700 agendi lahkumisest, mille tulemusel j\u00e4i piirkonda veel umbes 2000 ametnikku. Homani viimase teate kohaselt hakkab sel n\u00e4dalal Minnesotast lahkuma m\u00e4rkimisv\u00e4\u00e4rne arv v\u00e4gesid, mis j\u00e4tkub ka j\u00e4rgmisel n\u00e4dalal.<\/p>\n<p>Ohutuskaalutlustel ei viida Minnesotast v\u00e4lja k\u00f5iki f\u00f6deraalagente, m\u00e4rkis Homan, lisades, et immigratsioonikontrolli j\u00e4tkatakse.<\/p>\n<p>Minnesota demokraadist kuberner Tim Walz kutsus elanikke \u00fcles j\u00e4\u00e4ma l\u00e4hip\u00e4evil valvsaks, nimetades operatsiooni p\u00f5hjendamatuks ja paljudel juhtudel p\u00f5hiseadusevastaseks r\u00fcnnakuks osariigi vastu.<\/p>\n<p>\u201ePikk tee taastumiseni algab n\u00fc\u00fcd. M\u00f5ju meie majandusele, koolidele ja inimeste elule ei p\u00f6\u00f6rdu \u00fcle\u00f6\u00f6,\u201c kirjutas Walz sotsiaalmeedias.<\/p>\n<p>USA sisejulgeolekuministeeriumi andmetel on ICE-i ametnikud ja agendid operatsiooni algusest vahistanud 4000 inimest, kuid pole teada, kui paljudele neist on esitatud kriminaals\u00fc\u00fcdistus. <\/p>\n<p>Trumpi administratsioon on k\u00fcll nimetanud Minnesotas vahistatud isikuid kriminaalidest ebaseaduslikeks immigrantideks, kuid operatsiooni k\u00e4igus vahistati ka inimesi, kellel puudus kriminaalne taust, sealhulgas lapsi ja USA kodanikke.<\/p>\n<p>Kuudepikkuse operatsiooni k\u00e4igus tapsid ICE-i agendid kaks USA kodanikku, 37-aastase Renee Goodi ja 37-aastase Alex Pretti, mis vallandas protestid \u00fcle kogu riigi ja kahjustas kiiresti avalikku arvamust ICE-i suhtes.<\/p>\n<p>Kuidas see lugu Sind end tundma pani? Saada <a href=\"https:\/\/www.delfi.ee\/artikkel\/120435861\/trumpi-administratsioon-lopetab-ice-i-operatsiooni-minnesota-osariigis\/kommentaarid\" class=\"article-body-bottom__comment article-body-bottom__comment--write button button--primary button--size-auto\" rel=\"nofollow noopener\" target=\"_blank\"> Kommenteeri <\/a><a href=\"https:\/\/www.delfi.ee\/artikkel\/120435861\/trumpi-administratsioon-lopetab-ice-i-operatsiooni-minnesota-osariigis\/kommentaarid\" class=\"article-body-bottom__comment article-body-bottom__comment--read button button--size-auto\" rel=\"nofollow noopener\" target=\"_blank\"> Loe kommentaare (5)<\/a><\/p>\n","protected":false},"excerpt":{"rendered":"\u201eOleme siin viimase paari n\u00e4dala jooksul n\u00e4inud suurt muutust,\u201c \u00fctles Homan Minnesota pealinnas Minneapolises toimunud pressikonverentsil, m\u00e4rkides, et&hellip;\n","protected":false},"author":2,"featured_media":106809,"comment_status":"","ping_status":"","sticky":false,"template":"","format":"standard","meta":{"footnotes":"","_share_on_mastodon":"0"},"categories":[80],"tags":[26,27,324,37,33,35,34,36,31,32,21,3461,28,29,95,28885,19,25,23,24,22,325,20,30,92,93,94],"class_list":["post-106808","post","type-post","status-publish","format-standard","has-post-thumbnail","category-maailm","tag-breaking-news","tag-breakingnews","tag-donald-trump","tag-ee","tag-eesti","tag-eesti-keel","tag-estonia","tag-estonian","tag-featured-news","tag-featurednews","tag-headlines","tag-ice","tag-latest-news","tag-latestnews","tag-maailm","tag-minnesota","tag-news","tag-populaarseimad-lood","tag-top-stories","tag-topstories","tag-uldised-uudised","tag-usa","tag-uudised","tag-viimased-uudised","tag-world","tag-world-news","tag-worldnews"],"share_on_mastodon":{"url":"https:\/\/pubeurope.com\/@ee\/116059259780874232","error":""},"_links":{"self":[{"href":"https:\/\/www.europesays.com\/ee\/wp-json\/wp\/v2\/posts\/106808","targetHints":{"allow":["GET"]}}],"collection":[{"href":"https:\/\/www.europesays.com\/ee\/wp-json\/wp\/v2\/posts"}],"about":[{"href":"https:\/\/www.europesays.com\/ee\/wp-json\/wp\/v2\/types\/post"}],"author":[{"embeddable":true,"href":"https:\/\/www.europesays.com\/ee\/wp-json\/wp\/v2\/users\/2"}],"replies":[{"embeddable":true,"href":"https:\/\/www.europesays.com\/ee\/wp-json\/wp\/v2\/comments?post=106808"}],"version-history":[{"count":0,"href":"https:\/\/www.europesays.com\/ee\/wp-json\/wp\/v2\/posts\/106808\/revisions"}],"wp:featuredmedia":[{"embeddable":true,"href":"https:\/\/www.europesays.com\/ee\/wp-json\/wp\/v2\/media\/106809"}],"wp:attachment":[{"href":"https:\/\/www.europesays.com\/ee\/wp-json\/wp\/v2\/media?parent=106808"}],"wp:term":[{"taxonomy":"category","embeddable":true,"href":"https:\/\/www.europesays.com\/ee\/wp-json\/wp\/v2\/categories?post=106808"},{"taxonomy":"post_tag","embeddable":true,"href":"https:\/\/www.europesays.com\/ee\/wp-json\/wp\/v2\/tags?post=106808"}],"curies":[{"name":"wp","href":"https:\/\/api.w.org\/{rel}","templated":true}]}}