{"id":106834,"date":"2026-02-12T19:56:08","date_gmt":"2026-02-12T19:56:08","guid":{"rendered":"https:\/\/www.europesays.com\/ee\/106834\/"},"modified":"2026-02-12T19:56:08","modified_gmt":"2026-02-12T19:56:08","slug":"chelseas-tolmu-kogunud-sterling-leidis-valismaalt-uue-kodu-soccernet-ee","status":"publish","type":"post","link":"https:\/\/www.europesays.com\/ee\/106834\/","title":{"rendered":"Chelseas tolmu kogunud Sterling leidis v\u00e4lismaalt uue kodu &#8211; Soccernet.ee"},"content":{"rendered":"<p><img decoding=\"async\" src=\"https:\/\/www.europesays.com\/ee\/wp-content\/uploads\/2026\/01\/1768912065.jpg\" alt=\"Raheem Sterling on n\u00fc\u00fcd Feyenoordi m\u00e4ngija. Foto: Scanpix \/ Dave Thompson \/ AP\"\/>&#13;\n<\/p>\n<p>16-kordne Hollandi meister Rotterdami Feyenoord teatas, et klubiga liitus neljakordne Inglismaa t\u0161empion Raheem Sterling.<\/p>\n<p>2022. aastal kuulutas Chelsea ilmarahvale, kuidas Manchester Cityst meelitati 55 miljoni euroga \u00fcle Sterling, kellele pakuti 375 000-eurost n\u00e4dalapalka. Mida rohkem pealinnaklubi treenerit vahetas, seda v\u00e4hem sai inglasest \u00e4\u00e4rer\u00fcndaja m\u00e4nguaega.&#13;\n<\/p>\n<p>Eelmise hooaja veetis Sterling laenul Arsenalis, kus ta oli varumehe rollis, aga sellele vaatamata p\u00e4\u00e4ses erinevate sarjade peale platsile 28 korda ja l\u00f5i \u00fche v\u00e4rava. Chelseasse naastes teatas toonane peatreener Enzo Maresca, et 31-aastane m\u00e4ngija ei ole tema trennidesse oodatud. Seega pidi Sterling vormi hoidma teistest eraldi.&#13;\n<\/p>\n<p>T\u00e4navu jaanuaris j\u00f5uti klubiga kokkuleppele l\u00f5petada leping poolteist aastat varem. L\u00f5puks sai Sterling Chelsea eest kirja 81 m\u00e4ngu, 19 v\u00e4ravat ja 15 resultatiivset s\u00f6\u00f6tu.<\/p>\n<p>82 korda Inglismaa koondist esindanud Sterlingu uueks koduklubiks sai Hollandi k\u00f5rgliigas teisel kohal asuv Feyenoord, mida juhendab Premier League&#8217;i s\u00f5pradele tuntud endine r\u00fcndaja Robin van Persie. &#8220;Tema CV r\u00e4\u00e4gib enda eest: Sterling on m\u00e4ngija, kelle omadused v\u00f5ivad muuta m\u00e4ngu saatust,&#8221; kiitis Van Persie t\u00e4iendust.&#13;\n<\/p>\n<p>Feyenoordi jaoks j\u00e4tkub hooaeg sel p\u00fchap\u00e4eval, kui v\u00f5\u00f5rustatakse Go Ahead Eaglesit, mis on olnud t\u00f6\u00f6andjaks nii Sander Postile, Henrik Ojamaale kui Henri Anierile.&#13;\n<\/p>\n<blockquote class=\"twitter-tweet\"><p>&#13;<\/p>\n<p lang=\"et\" dir=\"ltr\">\ud83c\udff4\udb40\udc67\udb40\udc62\udb40\udc65\udb40\udc6e\udb40\udc67\udb40\udc7f Raheem Sterling = \ud83d\udfe5\u2b1c\ufe0f\u2b1b\ufe0f <a href=\"https:\/\/t.co\/8O6baKjh0a\" rel=\"nofollow\">pic.twitter.com\/8O6baKjh0a<\/a>&#13;<br \/>\n\u2014 Feyenoord Rotterdam (@Feyenoord) <a href=\"https:\/\/twitter.com\/Feyenoord\/status\/2021986697014317296?ref_src=twsrc%5Etfw\" rel=\"nofollow noopener\" target=\"_blank\">February 12, 2026<\/a><\/p>\n<\/blockquote>\n<p>          <script async src=\"https:\/\/platform.twitter.com\/widgets.js\" charset=\"utf-8\"><\/script><\/p>\n","protected":false},"excerpt":{"rendered":"&#13; 16-kordne Hollandi meister Rotterdami Feyenoord teatas, et klubiga liitus neljakordne Inglismaa t\u0161empion Raheem Sterling. 2022. aastal kuulutas&hellip;\n","protected":false},"author":2,"featured_media":89693,"comment_status":"","ping_status":"","sticky":false,"template":"","format":"standard","meta":{"footnotes":"","_share_on_mastodon":"0"},"categories":[18],"tags":[37,33,35,27596,34,36,7353,1356,44059,159,158,44060],"class_list":["post-106834","post","type-post","status-publish","format-standard","has-post-thumbnail","category-sport","tag-ee","tag-eesti","tag-eesti-keel","tag-eredivisie","tag-estonia","tag-estonian","tag-feyenoord","tag-holland","tag-raheem-sterling","tag-sport","tag-sports","tag-sterling"],"share_on_mastodon":{"url":"https:\/\/pubeurope.com\/@ee\/116059425065542683","error":""},"_links":{"self":[{"href":"https:\/\/www.europesays.com\/ee\/wp-json\/wp\/v2\/posts\/106834","targetHints":{"allow":["GET"]}}],"collection":[{"href":"https:\/\/www.europesays.com\/ee\/wp-json\/wp\/v2\/posts"}],"about":[{"href":"https:\/\/www.europesays.com\/ee\/wp-json\/wp\/v2\/types\/post"}],"author":[{"embeddable":true,"href":"https:\/\/www.europesays.com\/ee\/wp-json\/wp\/v2\/users\/2"}],"replies":[{"embeddable":true,"href":"https:\/\/www.europesays.com\/ee\/wp-json\/wp\/v2\/comments?post=106834"}],"version-history":[{"count":0,"href":"https:\/\/www.europesays.com\/ee\/wp-json\/wp\/v2\/posts\/106834\/revisions"}],"wp:featuredmedia":[{"embeddable":true,"href":"https:\/\/www.europesays.com\/ee\/wp-json\/wp\/v2\/media\/89693"}],"wp:attachment":[{"href":"https:\/\/www.europesays.com\/ee\/wp-json\/wp\/v2\/media?parent=106834"}],"wp:term":[{"taxonomy":"category","embeddable":true,"href":"https:\/\/www.europesays.com\/ee\/wp-json\/wp\/v2\/categories?post=106834"},{"taxonomy":"post_tag","embeddable":true,"href":"https:\/\/www.europesays.com\/ee\/wp-json\/wp\/v2\/tags?post=106834"}],"curies":[{"name":"wp","href":"https:\/\/api.w.org\/{rel}","templated":true}]}}