{"id":106838,"date":"2026-02-12T20:06:06","date_gmt":"2026-02-12T20:06:06","guid":{"rendered":"https:\/\/www.europesays.com\/ee\/106838\/"},"modified":"2026-02-12T20:06:06","modified_gmt":"2026-02-12T20:06:06","slug":"klops-lauri-liivi-tahistas-sopradega-sunnipaeva-koit-toome-tugevamad-lahkusid-alles-hommikutundidel","status":"publish","type":"post","link":"https:\/\/www.europesays.com\/ee\/106838\/","title":{"rendered":"KL\u00d5PS | Lauri Liivi t\u00e4histas s\u00f5pradega s\u00fcnnip\u00e4eva. Koit Toome: \u201eTugevamad lahkusid alles hommikutundidel!\u201c"},"content":{"rendered":"<p>Lauri Liivi elus oli eile t\u00e4htis p\u00e4ev. N\u00e4itleja ja laulja t\u00e4histas 11. veebruaril oma 49. s\u00fcnnip\u00e4eva.<\/p>\n<p>T\u00e4htsat p\u00e4eva t\u00e4histas ta peoga, millest jagas Instagramis fotoj\u00e4\u00e4dvustust muusik Koit Toome. Tema postitatud pildil oli lisaks s\u00fcnnip\u00e4evalaps Laurile ka muusikud <a rel=\"noopener nofollow\" target=\"_blank\" href=\"https:\/\/www.delfi.ee\/teema\/135\/mikk-saar\" tag-id=\"135\">Mikk Saar<\/a> ja <a rel=\"noopener nofollow\" target=\"_blank\" href=\"https:\/\/www.delfi.ee\/teema\/82330289\/tanja-mihhailova\" tag-id=\"82330289\">Tanja Mihhailova<\/a>, samuti Koidu kallim, meigikunstnik <a rel=\"noopener nofollow\" target=\"_blank\" href=\"https:\/\/www.delfi.ee\/teema\/271\/kaia-triisa\" tag-id=\"271\">Kaia Triisa<\/a>.<\/p>\n<p>\u201eEile t\u00e4histasime siis Lauri Liivi s\u00fcnnip\u00e4eva. Tore oli k\u00f5iki n\u00e4ha ja lobiseda \u00fcle hulga aja! Tugevamad lahkusid alles hommikutundidel,\u201c kirjeldas Koit sotsiaalmeedias meeleolukat s\u00fcnnip\u00e4eva. <\/p>\n<p>Kroonika kirjutas eelmise aasta septembris, et Lauri vahetas elukohta ning kolis Tallinna vanalinnast Koplisse. \u201eMinu kodus paistab meri tuppa igalt poolt, \u00fcksk\u00f5ik, kas olla kodus \u00fcksi v\u00f5i mitmekesi, meri on alati kodus. Tema kohalolu on tunda, sest Kopli poolsaar on avatud merele ja paradiisliku vaatega. Mul ei saa vaadetest kunagi k\u00fcll,\u201c r\u00e4\u00e4kis Lauri siis. <\/p>\n<p><a href=\"http:\/\/kroonika.delfi.ee\/artikkel\/120401639\/lauri-liiv-kolis-vanalinnast-koplisse-minu-kodus-paistab-meri-tuppa-igalt-poolt#dalrel-in-article\" class=\"content-embedded-articles-single__embedded-article\" data-v-469265ed=\"\" rel=\"nofollow noopener\" target=\"_blank\"><\/p>\n<p> 20.09.2025 <\/p>\n<p> Lauri Liiv kolis vanalinnast Koplisse. \u201eMinu kodus paistab meri tuppa igalt poolt!\u201c  (3) <\/p>\n<p><\/a>Kuidas see lugu Sind end tundma pani? Saada <a href=\"https:\/\/kroonika.delfi.ee\/artikkel\/120435863\/klops-lauri-liivi-tahistas-sopradega-sunnipaeva-koit-toome-tugevamad-lahkusid-alles-hommikutundidel\/kommentaarid\" class=\"article-body-bottom__comment article-body-bottom__comment--write button button--primary button--size-auto\" rel=\"nofollow noopener\" target=\"_blank\"> Kommenteeri <\/a><a href=\"https:\/\/kroonika.delfi.ee\/artikkel\/120435863\/klops-lauri-liivi-tahistas-sopradega-sunnipaeva-koit-toome-tugevamad-lahkusid-alles-hommikutundidel\/kommentaarid\" class=\"article-body-bottom__comment article-body-bottom__comment--read button button--size-auto\" rel=\"nofollow noopener\" target=\"_blank\"> Loe kommentaare <\/a><\/p>\n","protected":false},"excerpt":{"rendered":"Lauri Liivi elus oli eile t\u00e4htis p\u00e4ev. N\u00e4itleja ja laulja t\u00e4histas 11. veebruaril oma 49. s\u00fcnnip\u00e4eva. T\u00e4htsat p\u00e4eva&hellip;\n","protected":false},"author":2,"featured_media":106839,"comment_status":"","ping_status":"","sticky":false,"template":"","format":"standard","meta":{"footnotes":"","_share_on_mastodon":"0"},"categories":[16],"tags":[37,33,35,173,34,36,31238,4100,10962,140,4755,8120],"class_list":["post-106838","post","type-post","status-publish","format-standard","has-post-thumbnail","category-meelelahutus","tag-ee","tag-eesti","tag-eesti-keel","tag-entertainment","tag-estonia","tag-estonian","tag-kaia-triisa","tag-koit-toome","tag-lauri-liiv","tag-meelelahutus","tag-mikk-saar","tag-tanja-mihhailova"],"share_on_mastodon":{"url":"https:\/\/pubeurope.com\/@ee\/116059464215955846","error":""},"_links":{"self":[{"href":"https:\/\/www.europesays.com\/ee\/wp-json\/wp\/v2\/posts\/106838","targetHints":{"allow":["GET"]}}],"collection":[{"href":"https:\/\/www.europesays.com\/ee\/wp-json\/wp\/v2\/posts"}],"about":[{"href":"https:\/\/www.europesays.com\/ee\/wp-json\/wp\/v2\/types\/post"}],"author":[{"embeddable":true,"href":"https:\/\/www.europesays.com\/ee\/wp-json\/wp\/v2\/users\/2"}],"replies":[{"embeddable":true,"href":"https:\/\/www.europesays.com\/ee\/wp-json\/wp\/v2\/comments?post=106838"}],"version-history":[{"count":0,"href":"https:\/\/www.europesays.com\/ee\/wp-json\/wp\/v2\/posts\/106838\/revisions"}],"wp:featuredmedia":[{"embeddable":true,"href":"https:\/\/www.europesays.com\/ee\/wp-json\/wp\/v2\/media\/106839"}],"wp:attachment":[{"href":"https:\/\/www.europesays.com\/ee\/wp-json\/wp\/v2\/media?parent=106838"}],"wp:term":[{"taxonomy":"category","embeddable":true,"href":"https:\/\/www.europesays.com\/ee\/wp-json\/wp\/v2\/categories?post=106838"},{"taxonomy":"post_tag","embeddable":true,"href":"https:\/\/www.europesays.com\/ee\/wp-json\/wp\/v2\/tags?post=106838"}],"curies":[{"name":"wp","href":"https:\/\/api.w.org\/{rel}","templated":true}]}}