{"id":106877,"date":"2026-02-12T21:24:07","date_gmt":"2026-02-12T21:24:07","guid":{"rendered":"https:\/\/www.europesays.com\/ee\/106877\/"},"modified":"2026-02-12T21:24:07","modified_gmt":"2026-02-12T21:24:07","slug":"fisi-president-lubas-kahevoistluse-olumpiastaatuse-eest-kovasti-voidelda","status":"publish","type":"post","link":"https:\/\/www.europesays.com\/ee\/106877\/","title":{"rendered":"FISi president lubas kahev\u00f5istluse ol\u00fcmpiastaatuse eest k\u00f5vasti v\u00f5idelda"},"content":{"rendered":"<p>Rahvusvahelise suusaliidu (FIS) president Johan Eliasch lubas v\u00f5idelda kahev\u00f5istluse koha eest tulevastel ol\u00fcmpiam\u00e4ngudel ning r\u00f5hutas naiste kaasamise olulisust selle ala v\u00f5istlustel.<\/p>\n<p>Eliasch j\u00e4tkab kahev\u00f5istluse eest k\u00f5nelemist kartuses, et ala v\u00f5idakse Rahvusvahelise Ol\u00fcmpiakomitee (ROK) poolt huvi v\u00e4henemise t\u00f5ttu ol\u00fcmpiam\u00e4ngudelt v\u00e4lja j\u00e4tta.<\/p>\n","protected":false},"excerpt":{"rendered":"Rahvusvahelise suusaliidu (FIS) president Johan Eliasch lubas v\u00f5idelda kahev\u00f5istluse koha eest tulevastel ol\u00fcmpiam\u00e4ngudel ning r\u00f5hutas naiste kaasamise olulisust&hellip;\n","protected":false},"author":2,"featured_media":106878,"comment_status":"","ping_status":"","sticky":false,"template":"","format":"standard","meta":{"footnotes":"","_share_on_mastodon":"0"},"categories":[18],"tags":[37,33,35,34,36,3710,23188,4916,2377,159,158,51008,38667],"class_list":["post-106877","post","type-post","status-publish","format-standard","has-post-thumbnail","category-sport","tag-ee","tag-eesti","tag-eesti-keel","tag-estonia","tag-estonian","tag-fis","tag-kahevoistlus","tag-milano-cortina","tag-rok","tag-sport","tag-sports","tag-tesero","tag-val-di-fiemme"],"share_on_mastodon":{"url":"https:\/\/pubeurope.com\/@ee\/116059770896349076","error":""},"_links":{"self":[{"href":"https:\/\/www.europesays.com\/ee\/wp-json\/wp\/v2\/posts\/106877","targetHints":{"allow":["GET"]}}],"collection":[{"href":"https:\/\/www.europesays.com\/ee\/wp-json\/wp\/v2\/posts"}],"about":[{"href":"https:\/\/www.europesays.com\/ee\/wp-json\/wp\/v2\/types\/post"}],"author":[{"embeddable":true,"href":"https:\/\/www.europesays.com\/ee\/wp-json\/wp\/v2\/users\/2"}],"replies":[{"embeddable":true,"href":"https:\/\/www.europesays.com\/ee\/wp-json\/wp\/v2\/comments?post=106877"}],"version-history":[{"count":0,"href":"https:\/\/www.europesays.com\/ee\/wp-json\/wp\/v2\/posts\/106877\/revisions"}],"wp:featuredmedia":[{"embeddable":true,"href":"https:\/\/www.europesays.com\/ee\/wp-json\/wp\/v2\/media\/106878"}],"wp:attachment":[{"href":"https:\/\/www.europesays.com\/ee\/wp-json\/wp\/v2\/media?parent=106877"}],"wp:term":[{"taxonomy":"category","embeddable":true,"href":"https:\/\/www.europesays.com\/ee\/wp-json\/wp\/v2\/categories?post=106877"},{"taxonomy":"post_tag","embeddable":true,"href":"https:\/\/www.europesays.com\/ee\/wp-json\/wp\/v2\/tags?post=106877"}],"curies":[{"name":"wp","href":"https:\/\/api.w.org\/{rel}","templated":true}]}}